{"id":28646,"date":"2022-04-01T06:39:55","date_gmt":"2022-04-01T06:39:55","guid":{"rendered":"https:\/\/neuchatel-vins-terroir.ch\/les-marmellata-de-dolce-pasticcio\/"},"modified":"2022-04-01T07:14:13","modified_gmt":"2022-04-01T07:14:13","slug":"les-marmellata-de-dolce-pasticcio","status":"publish","type":"post","link":"https:\/\/neuchatel-vins-terroir.ch\/de\/les-marmellata-de-dolce-pasticcio\/","title":{"rendered":"Les Marmellata de Dolce Pasticcio"},"content":{"rendered":"\n<p>Coup de Coeur vom 28. M\u00e4rz : Marmellata de <a href=\"https:\/\/www.facebook.com\/dolce.pasticcio.2017\/?__cft__%5B0%5D=AZUDYu1quWnTvQDzgIc7d5mKOmyUQS1btIKTC25vQob7GMRoQBMqKClmMEdVoE8YZYfdCudCi2YQm9QbTwRvYT6OSqPlpO5Rwk4opzGDEI17cH3ENPCG8g8YRWuzpPWQ_bM&amp;__tn__=kK*F\">Dolce Pasticcio<\/a> !<br>Sie werden in Boudry hergestellt und tragen das G\u00fctesiegel Neuch\u00e2tel Vins et Terroir. Diese italienisch klingende S\u00fc\u00dfe ist mehr als nur Neuenburgerisch. Denn seine Hauptzutaten stammen aus unserem Kanton. Sie eignen sich hervorragend, um Ihnen den Feierabend zu vers\u00fc\u00dfen oder Ihre Kaffeepause zu vervollst\u00e4ndigen.<\/p>\n\n\n\n<div class=\"wp-block-image\"><figure class=\"aligncenter size-medium\"><img decoding=\"async\" src=\"https:\/\/neuchatel-vins-terroir.ch\/wp-content\/uploads\/2021\/11\/Marmellata-300x300.jpg\" alt=\"\" class=\"wp-image-1347\"\/><\/figure><\/div>\n\n\n\n<div class=\"wp-block-buttons is-content-justification-center is-layout-flex wp-container-core-buttons-is-layout-a89b3969 wp-block-buttons-is-layout-flex\">\n<div class=\"wp-block-button\"><a class=\"wp-block-button__link\" href=\"https:\/\/neuchatel-vins-terroir.ch\/partenaire\/dolce-pasticcio\/\">Entdecken Sie weitere Produkte von Dolce Pasticcio<\/a><\/div>\n<\/div>\n","protected":false},"excerpt":{"rendered":"<p>Coup de Coeur vom 28. M\u00e4rz : Marmellata de Dolce Pasticcio !Sie werden in Boudry hergestellt und tragen das G\u00fctesiegel [&hellip;]<\/p>\n","protected":false},"author":25,"featured_media":28642,"comment_status":"closed","ping_status":"closed","sticky":false,"template":"","format":"standard","meta":{"_acf_changed":false,"_kad_blocks_custom_css":"","_kad_blocks_head_custom_js":"","_kad_blocks_body_custom_js":"","_kad_blocks_footer_custom_js":"","footnotes":""},"categories":[496,498],"tags":[],"class_list":["post-28646","post","type-post","status-publish","format-standard","has-post-thumbnail","hentry","category-coup-de-coeur-de","category-produkte-mit-dem-label-neuchatel-vins-et-terroir"],"acf":[],"yoast_head":"<!-- This site is optimized with the Yoast SEO plugin v27.4 - https:\/\/yoast.com\/product\/yoast-seo-wordpress\/ -->\n<title>Les Marmellata de Dolce Pasticcio - Neuch\u00e2tel vins et terroir<\/title>\n<meta name=\"robots\" content=\"index, follow, max-snippet:-1, max-image-preview:large, max-video-preview:-1\" \/>\n<link rel=\"canonical\" href=\"https:\/\/neuchatel-vins-terroir.ch\/de\/les-marmellata-de-dolce-pasticcio\/\" \/>\n<meta property=\"og:locale\" content=\"de_DE\" \/>\n<meta property=\"og:type\" content=\"article\" \/>\n<meta property=\"og:title\" content=\"Les Marmellata de Dolce Pasticcio - Neuch\u00e2tel vins et terroir\" \/>\n<meta property=\"og:description\" content=\"Coup de Coeur vom 28. M\u00e4rz : Marmellata de Dolce Pasticcio !Sie werden in Boudry hergestellt und tragen das G\u00fctesiegel [&hellip;]\" \/>\n<meta property=\"og:url\" content=\"https:\/\/neuchatel-vins-terroir.ch\/de\/les-marmellata-de-dolce-pasticcio\/\" \/>\n<meta property=\"og:site_name\" content=\"Neuch\u00e2tel vins et terroir\" \/>\n<meta property=\"article:published_time\" content=\"2022-04-01T06:39:55+00:00\" \/>\n<meta property=\"article:modified_time\" content=\"2022-04-01T07:14:13+00:00\" \/>\n<meta property=\"og:image\" content=\"https:\/\/neuchatel-vins-terroir.ch\/wp-content\/uploads\/2022\/03\/Marmelatta.jpg\" \/>\n\t<meta property=\"og:image:width\" content=\"1080\" \/>\n\t<meta property=\"og:image:height\" content=\"1080\" \/>\n\t<meta property=\"og:image:type\" content=\"image\/png\" \/>\n<meta name=\"author\" content=\"Neuchatel Vins et Terroir NVT\" \/>\n<meta name=\"twitter:card\" content=\"summary_large_image\" \/>\n<meta name=\"twitter:label1\" content=\"Verfasst von\" \/>\n\t<meta name=\"twitter:data1\" content=\"Neuchatel Vins et Terroir NVT\" \/>\n<script type=\"application\/ld+json\" class=\"yoast-schema-graph\">{\"@context\":\"https:\\\/\\\/schema.org\",\"@graph\":[{\"@type\":\"Article\",\"@id\":\"https:\\\/\\\/neuchatel-vins-terroir.ch\\\/de\\\/les-marmellata-de-dolce-pasticcio\\\/#article\",\"isPartOf\":{\"@id\":\"https:\\\/\\\/neuchatel-vins-terroir.ch\\\/de\\\/les-marmellata-de-dolce-pasticcio\\\/\"},\"author\":{\"name\":\"Neuchatel Vins et Terroir NVT\",\"@id\":\"https:\\\/\\\/neuchatel-vins-terroir.ch\\\/#\\\/schema\\\/person\\\/5120d608dedd8c0db7e63e796a5d19fc\"},\"headline\":\"Les Marmellata de Dolce Pasticcio\",\"datePublished\":\"2022-04-01T06:39:55+00:00\",\"dateModified\":\"2022-04-01T07:14:13+00:00\",\"mainEntityOfPage\":{\"@id\":\"https:\\\/\\\/neuchatel-vins-terroir.ch\\\/de\\\/les-marmellata-de-dolce-pasticcio\\\/\"},\"wordCount\":71,\"publisher\":{\"@id\":\"https:\\\/\\\/neuchatel-vins-terroir.ch\\\/#organization\"},\"image\":{\"@id\":\"https:\\\/\\\/neuchatel-vins-terroir.ch\\\/de\\\/les-marmellata-de-dolce-pasticcio\\\/#primaryimage\"},\"thumbnailUrl\":\"https:\\\/\\\/neuchatel-vins-terroir.ch\\\/wp-content\\\/uploads\\\/2022\\\/03\\\/Marmelatta.jpg\",\"articleSection\":[\"Coup de coeur\",\"Produkte mit dem Label Neuch\u00e2tel Vins et Terroir\"],\"inLanguage\":\"de\"},{\"@type\":\"WebPage\",\"@id\":\"https:\\\/\\\/neuchatel-vins-terroir.ch\\\/de\\\/les-marmellata-de-dolce-pasticcio\\\/\",\"url\":\"https:\\\/\\\/neuchatel-vins-terroir.ch\\\/de\\\/les-marmellata-de-dolce-pasticcio\\\/\",\"name\":\"Les Marmellata de Dolce Pasticcio - Neuch\u00e2tel vins et terroir\",\"isPartOf\":{\"@id\":\"https:\\\/\\\/neuchatel-vins-terroir.ch\\\/#website\"},\"primaryImageOfPage\":{\"@id\":\"https:\\\/\\\/neuchatel-vins-terroir.ch\\\/de\\\/les-marmellata-de-dolce-pasticcio\\\/#primaryimage\"},\"image\":{\"@id\":\"https:\\\/\\\/neuchatel-vins-terroir.ch\\\/de\\\/les-marmellata-de-dolce-pasticcio\\\/#primaryimage\"},\"thumbnailUrl\":\"https:\\\/\\\/neuchatel-vins-terroir.ch\\\/wp-content\\\/uploads\\\/2022\\\/03\\\/Marmelatta.jpg\",\"datePublished\":\"2022-04-01T06:39:55+00:00\",\"dateModified\":\"2022-04-01T07:14:13+00:00\",\"breadcrumb\":{\"@id\":\"https:\\\/\\\/neuchatel-vins-terroir.ch\\\/de\\\/les-marmellata-de-dolce-pasticcio\\\/#breadcrumb\"},\"inLanguage\":\"de\",\"potentialAction\":[{\"@type\":\"ReadAction\",\"target\":[\"https:\\\/\\\/neuchatel-vins-terroir.ch\\\/de\\\/les-marmellata-de-dolce-pasticcio\\\/\"]}]},{\"@type\":\"ImageObject\",\"inLanguage\":\"de\",\"@id\":\"https:\\\/\\\/neuchatel-vins-terroir.ch\\\/de\\\/les-marmellata-de-dolce-pasticcio\\\/#primaryimage\",\"url\":\"https:\\\/\\\/neuchatel-vins-terroir.ch\\\/wp-content\\\/uploads\\\/2022\\\/03\\\/Marmelatta.jpg\",\"contentUrl\":\"https:\\\/\\\/neuchatel-vins-terroir.ch\\\/wp-content\\\/uploads\\\/2022\\\/03\\\/Marmelatta.jpg\",\"width\":1080,\"height\":1080},{\"@type\":\"BreadcrumbList\",\"@id\":\"https:\\\/\\\/neuchatel-vins-terroir.ch\\\/de\\\/les-marmellata-de-dolce-pasticcio\\\/#breadcrumb\",\"itemListElement\":[{\"@type\":\"ListItem\",\"position\":1,\"name\":\"Accueil\",\"item\":\"https:\\\/\\\/neuchatel-vins-terroir.ch\\\/de\\\/home\\\/\"},{\"@type\":\"ListItem\",\"position\":2,\"name\":\"Les Marmellata de Dolce Pasticcio\"}]},{\"@type\":\"WebSite\",\"@id\":\"https:\\\/\\\/neuchatel-vins-terroir.ch\\\/#website\",\"url\":\"https:\\\/\\\/neuchatel-vins-terroir.ch\\\/\",\"name\":\"Neuch\u00e2tel vins et terroir\",\"description\":\"Neuch\u00e2tel vins et terroir\",\"publisher\":{\"@id\":\"https:\\\/\\\/neuchatel-vins-terroir.ch\\\/#organization\"},\"potentialAction\":[{\"@type\":\"SearchAction\",\"target\":{\"@type\":\"EntryPoint\",\"urlTemplate\":\"https:\\\/\\\/neuchatel-vins-terroir.ch\\\/?s={search_term_string}\"},\"query-input\":{\"@type\":\"PropertyValueSpecification\",\"valueRequired\":true,\"valueName\":\"search_term_string\"}}],\"inLanguage\":\"de\"},{\"@type\":\"Organization\",\"@id\":\"https:\\\/\\\/neuchatel-vins-terroir.ch\\\/#organization\",\"name\":\"Neuch\u00e2tel vins et terroir\",\"url\":\"https:\\\/\\\/neuchatel-vins-terroir.ch\\\/\",\"logo\":{\"@type\":\"ImageObject\",\"inLanguage\":\"de\",\"@id\":\"https:\\\/\\\/neuchatel-vins-terroir.ch\\\/#\\\/schema\\\/logo\\\/image\\\/\",\"url\":\"https:\\\/\\\/neuchatel-vins-terroir.ch\\\/wp-content\\\/uploads\\\/2021\\\/11\\\/logo_nvt.svg\",\"contentUrl\":\"https:\\\/\\\/neuchatel-vins-terroir.ch\\\/wp-content\\\/uploads\\\/2021\\\/11\\\/logo_nvt.svg\",\"width\":156,\"height\":82,\"caption\":\"Neuch\u00e2tel vins et terroir\"},\"image\":{\"@id\":\"https:\\\/\\\/neuchatel-vins-terroir.ch\\\/#\\\/schema\\\/logo\\\/image\\\/\"}},{\"@type\":\"Person\",\"@id\":\"https:\\\/\\\/neuchatel-vins-terroir.ch\\\/#\\\/schema\\\/person\\\/5120d608dedd8c0db7e63e796a5d19fc\",\"name\":\"Neuchatel Vins et Terroir NVT\",\"image\":{\"@type\":\"ImageObject\",\"inLanguage\":\"de\",\"@id\":\"https:\\\/\\\/secure.gravatar.com\\\/avatar\\\/4b0e32d0c06277613a70db9cde071562418a7afc2743a7cdf44fa999d7b82e29?s=96&d=mm&r=g\",\"url\":\"https:\\\/\\\/secure.gravatar.com\\\/avatar\\\/4b0e32d0c06277613a70db9cde071562418a7afc2743a7cdf44fa999d7b82e29?s=96&d=mm&r=g\",\"contentUrl\":\"https:\\\/\\\/secure.gravatar.com\\\/avatar\\\/4b0e32d0c06277613a70db9cde071562418a7afc2743a7cdf44fa999d7b82e29?s=96&d=mm&r=g\",\"caption\":\"Neuchatel Vins et Terroir NVT\"},\"url\":\"https:\\\/\\\/neuchatel-vins-terroir.ch\\\/de\\\/author\\\/nvt\\\/\"}]}<\/script>\n<!-- \/ Yoast SEO plugin. -->","yoast_head_json":{"title":"Les Marmellata de Dolce Pasticcio - Neuch\u00e2tel vins et terroir","robots":{"index":"index","follow":"follow","max-snippet":"max-snippet:-1","max-image-preview":"max-image-preview:large","max-video-preview":"max-video-preview:-1"},"canonical":"https:\/\/neuchatel-vins-terroir.ch\/de\/les-marmellata-de-dolce-pasticcio\/","og_locale":"de_DE","og_type":"article","og_title":"Les Marmellata de Dolce Pasticcio - Neuch\u00e2tel vins et terroir","og_description":"Coup de Coeur vom 28. M\u00e4rz : Marmellata de Dolce Pasticcio !Sie werden in Boudry hergestellt und tragen das G\u00fctesiegel [&hellip;]","og_url":"https:\/\/neuchatel-vins-terroir.ch\/de\/les-marmellata-de-dolce-pasticcio\/","og_site_name":"Neuch\u00e2tel vins et terroir","article_published_time":"2022-04-01T06:39:55+00:00","article_modified_time":"2022-04-01T07:14:13+00:00","og_image":[{"width":1080,"height":1080,"url":"https:\/\/neuchatel-vins-terroir.ch\/wp-content\/uploads\/2022\/03\/Marmelatta.jpg","type":"image\/png"}],"author":"Neuchatel Vins et Terroir NVT","twitter_card":"summary_large_image","twitter_misc":{"Verfasst von":"Neuchatel Vins et Terroir NVT"},"schema":{"@context":"https:\/\/schema.org","@graph":[{"@type":"Article","@id":"https:\/\/neuchatel-vins-terroir.ch\/de\/les-marmellata-de-dolce-pasticcio\/#article","isPartOf":{"@id":"https:\/\/neuchatel-vins-terroir.ch\/de\/les-marmellata-de-dolce-pasticcio\/"},"author":{"name":"Neuchatel Vins et Terroir NVT","@id":"https:\/\/neuchatel-vins-terroir.ch\/#\/schema\/person\/5120d608dedd8c0db7e63e796a5d19fc"},"headline":"Les Marmellata de Dolce Pasticcio","datePublished":"2022-04-01T06:39:55+00:00","dateModified":"2022-04-01T07:14:13+00:00","mainEntityOfPage":{"@id":"https:\/\/neuchatel-vins-terroir.ch\/de\/les-marmellata-de-dolce-pasticcio\/"},"wordCount":71,"publisher":{"@id":"https:\/\/neuchatel-vins-terroir.ch\/#organization"},"image":{"@id":"https:\/\/neuchatel-vins-terroir.ch\/de\/les-marmellata-de-dolce-pasticcio\/#primaryimage"},"thumbnailUrl":"https:\/\/neuchatel-vins-terroir.ch\/wp-content\/uploads\/2022\/03\/Marmelatta.jpg","articleSection":["Coup de coeur","Produkte mit dem Label Neuch\u00e2tel Vins et Terroir"],"inLanguage":"de"},{"@type":"WebPage","@id":"https:\/\/neuchatel-vins-terroir.ch\/de\/les-marmellata-de-dolce-pasticcio\/","url":"https:\/\/neuchatel-vins-terroir.ch\/de\/les-marmellata-de-dolce-pasticcio\/","name":"Les Marmellata de Dolce Pasticcio - Neuch\u00e2tel vins et terroir","isPartOf":{"@id":"https:\/\/neuchatel-vins-terroir.ch\/#website"},"primaryImageOfPage":{"@id":"https:\/\/neuchatel-vins-terroir.ch\/de\/les-marmellata-de-dolce-pasticcio\/#primaryimage"},"image":{"@id":"https:\/\/neuchatel-vins-terroir.ch\/de\/les-marmellata-de-dolce-pasticcio\/#primaryimage"},"thumbnailUrl":"https:\/\/neuchatel-vins-terroir.ch\/wp-content\/uploads\/2022\/03\/Marmelatta.jpg","datePublished":"2022-04-01T06:39:55+00:00","dateModified":"2022-04-01T07:14:13+00:00","breadcrumb":{"@id":"https:\/\/neuchatel-vins-terroir.ch\/de\/les-marmellata-de-dolce-pasticcio\/#breadcrumb"},"inLanguage":"de","potentialAction":[{"@type":"ReadAction","target":["https:\/\/neuchatel-vins-terroir.ch\/de\/les-marmellata-de-dolce-pasticcio\/"]}]},{"@type":"ImageObject","inLanguage":"de","@id":"https:\/\/neuchatel-vins-terroir.ch\/de\/les-marmellata-de-dolce-pasticcio\/#primaryimage","url":"https:\/\/neuchatel-vins-terroir.ch\/wp-content\/uploads\/2022\/03\/Marmelatta.jpg","contentUrl":"https:\/\/neuchatel-vins-terroir.ch\/wp-content\/uploads\/2022\/03\/Marmelatta.jpg","width":1080,"height":1080},{"@type":"BreadcrumbList","@id":"https:\/\/neuchatel-vins-terroir.ch\/de\/les-marmellata-de-dolce-pasticcio\/#breadcrumb","itemListElement":[{"@type":"ListItem","position":1,"name":"Accueil","item":"https:\/\/neuchatel-vins-terroir.ch\/de\/home\/"},{"@type":"ListItem","position":2,"name":"Les Marmellata de Dolce Pasticcio"}]},{"@type":"WebSite","@id":"https:\/\/neuchatel-vins-terroir.ch\/#website","url":"https:\/\/neuchatel-vins-terroir.ch\/","name":"Neuch\u00e2tel vins et terroir","description":"Neuch\u00e2tel vins et terroir","publisher":{"@id":"https:\/\/neuchatel-vins-terroir.ch\/#organization"},"potentialAction":[{"@type":"SearchAction","target":{"@type":"EntryPoint","urlTemplate":"https:\/\/neuchatel-vins-terroir.ch\/?s={search_term_string}"},"query-input":{"@type":"PropertyValueSpecification","valueRequired":true,"valueName":"search_term_string"}}],"inLanguage":"de"},{"@type":"Organization","@id":"https:\/\/neuchatel-vins-terroir.ch\/#organization","name":"Neuch\u00e2tel vins et terroir","url":"https:\/\/neuchatel-vins-terroir.ch\/","logo":{"@type":"ImageObject","inLanguage":"de","@id":"https:\/\/neuchatel-vins-terroir.ch\/#\/schema\/logo\/image\/","url":"https:\/\/neuchatel-vins-terroir.ch\/wp-content\/uploads\/2021\/11\/logo_nvt.svg","contentUrl":"https:\/\/neuchatel-vins-terroir.ch\/wp-content\/uploads\/2021\/11\/logo_nvt.svg","width":156,"height":82,"caption":"Neuch\u00e2tel vins et terroir"},"image":{"@id":"https:\/\/neuchatel-vins-terroir.ch\/#\/schema\/logo\/image\/"}},{"@type":"Person","@id":"https:\/\/neuchatel-vins-terroir.ch\/#\/schema\/person\/5120d608dedd8c0db7e63e796a5d19fc","name":"Neuchatel Vins et Terroir NVT","image":{"@type":"ImageObject","inLanguage":"de","@id":"https:\/\/secure.gravatar.com\/avatar\/4b0e32d0c06277613a70db9cde071562418a7afc2743a7cdf44fa999d7b82e29?s=96&d=mm&r=g","url":"https:\/\/secure.gravatar.com\/avatar\/4b0e32d0c06277613a70db9cde071562418a7afc2743a7cdf44fa999d7b82e29?s=96&d=mm&r=g","contentUrl":"https:\/\/secure.gravatar.com\/avatar\/4b0e32d0c06277613a70db9cde071562418a7afc2743a7cdf44fa999d7b82e29?s=96&d=mm&r=g","caption":"Neuchatel Vins et Terroir NVT"},"url":"https:\/\/neuchatel-vins-terroir.ch\/de\/author\/nvt\/"}]}},"taxonomy_info":{"category":[{"value":496,"label":"Coup de coeur"},{"value":498,"label":"Produkte mit dem Label Neuch\u00e2tel Vins et Terroir"}]},"featured_image_src_large":["https:\/\/neuchatel-vins-terroir.ch\/wp-content\/uploads\/2022\/03\/Marmelatta-1024x1024.png",1024,1024,true],"author_info":{"display_name":"Neuchatel Vins et Terroir NVT","author_link":"https:\/\/neuchatel-vins-terroir.ch\/de\/author\/nvt\/"},"comment_info":0,"category_info":[{"term_id":496,"name":"Coup de coeur","slug":"coup-de-coeur-de","term_group":0,"term_taxonomy_id":496,"taxonomy":"category","description":"","parent":0,"count":7,"filter":"raw","cat_ID":496,"category_count":7,"category_description":"","cat_name":"Coup de coeur","category_nicename":"coup-de-coeur-de","category_parent":0},{"term_id":498,"name":"Produkte mit dem Label Neuch\u00e2tel Vins et Terroir","slug":"produkte-mit-dem-label-neuchatel-vins-et-terroir","term_group":0,"term_taxonomy_id":498,"taxonomy":"category","description":"","parent":0,"count":3,"filter":"raw","cat_ID":498,"category_count":3,"category_description":"","cat_name":"Produkte mit dem Label Neuch\u00e2tel Vins et Terroir","category_nicename":"produkte-mit-dem-label-neuchatel-vins-et-terroir","category_parent":0}],"tag_info":false,"publishpress_future_workflow_manual_trigger":{"enabledWorkflows":[]},"_links":{"self":[{"href":"https:\/\/neuchatel-vins-terroir.ch\/de\/wp-json\/wp\/v2\/posts\/28646","targetHints":{"allow":["GET"]}}],"collection":[{"href":"https:\/\/neuchatel-vins-terroir.ch\/de\/wp-json\/wp\/v2\/posts"}],"about":[{"href":"https:\/\/neuchatel-vins-terroir.ch\/de\/wp-json\/wp\/v2\/types\/post"}],"author":[{"embeddable":true,"href":"https:\/\/neuchatel-vins-terroir.ch\/de\/wp-json\/wp\/v2\/users\/25"}],"replies":[{"embeddable":true,"href":"https:\/\/neuchatel-vins-terroir.ch\/de\/wp-json\/wp\/v2\/comments?post=28646"}],"version-history":[{"count":2,"href":"https:\/\/neuchatel-vins-terroir.ch\/de\/wp-json\/wp\/v2\/posts\/28646\/revisions"}],"predecessor-version":[{"id":28648,"href":"https:\/\/neuchatel-vins-terroir.ch\/de\/wp-json\/wp\/v2\/posts\/28646\/revisions\/28648"}],"wp:featuredmedia":[{"embeddable":true,"href":"https:\/\/neuchatel-vins-terroir.ch\/de\/wp-json\/wp\/v2\/media\/28642"}],"wp:attachment":[{"href":"https:\/\/neuchatel-vins-terroir.ch\/de\/wp-json\/wp\/v2\/media?parent=28646"}],"wp:term":[{"taxonomy":"category","embeddable":true,"href":"https:\/\/neuchatel-vins-terroir.ch\/de\/wp-json\/wp\/v2\/categories?post=28646"},{"taxonomy":"post_tag","embeddable":true,"href":"https:\/\/neuchatel-vins-terroir.ch\/de\/wp-json\/wp\/v2\/tags?post=28646"}],"curies":[{"name":"wp","href":"https:\/\/api.w.org\/{rel}","templated":true}]}}