{"id":39506,"date":"2025-09-12T09:18:40","date_gmt":"2025-09-12T09:18:40","guid":{"rendered":"https:\/\/neuchatel-vins-terroir.ch\/?p=39506"},"modified":"2025-09-16T11:36:57","modified_gmt":"2025-09-16T11:36:57","slug":"das-winzerdorf-fete-des-vendanges-2025","status":"publish","type":"post","link":"https:\/\/neuchatel-vins-terroir.ch\/de\/das-winzerdorf-fete-des-vendanges-2025\/","title":{"rendered":"Das Winzerdorf &#8211; F\u00eate des Vendanges 2025"},"content":{"rendered":"\n<p class=\"has-text-align-center\"><br\/>Dieses Jahr beherbergt das Winzerdorf w\u00e4hrend des Weinlesefestes 21 Chalets. Winzer, Produzenten und Partner sind Teil des Winzerdorfes. Sie repr\u00e4sentieren das Terroir von Neuenburg sowie G\u00e4ste aus der Romandie. Die angebotenen Produkte tragen haupts\u00e4chlich das Label regio.garantie romandie.<\/p>\n\n<div style=\"height:41px\" aria-hidden=\"true\" class=\"wp-block-spacer\"><\/div>\n\n<h3 class=\"wp-block-heading has-text-align-center\"><strong>Unterst\u00fctzen Sie das Village des Vignerons und kaufen Sie Ihre Armb\u00e4nder direkt<\/strong><br\/><strong>bei den teilnehmenden Unternehmen.<\/strong><\/h3>\n\n<div style=\"height:24px\" aria-hidden=\"true\" class=\"wp-block-spacer\"><\/div>\n\n<div class=\"wp-block-columns is-layout-flex wp-container-core-columns-is-layout-28f84493 wp-block-columns-is-layout-flex\">\n<div class=\"wp-block-column is-layout-flow wp-block-column-is-layout-flow\">\n<figure class=\"wp-block-image size-large\"><img loading=\"lazy\" decoding=\"async\" width=\"819\" height=\"1024\" src=\"https:\/\/neuchatel-vins-terroir.ch\/wp-content\/uploads\/2025\/08\/POST_FDV2025-3-819x1024.png\" alt=\"\" class=\"wp-image-44094\" srcset=\"https:\/\/neuchatel-vins-terroir.ch\/wp-content\/uploads\/2025\/08\/POST_FDV2025-3-819x1024.png 819w, https:\/\/neuchatel-vins-terroir.ch\/wp-content\/uploads\/2025\/08\/POST_FDV2025-3-240x300.png 240w, https:\/\/neuchatel-vins-terroir.ch\/wp-content\/uploads\/2025\/08\/POST_FDV2025-3-768x960.png 768w, https:\/\/neuchatel-vins-terroir.ch\/wp-content\/uploads\/2025\/08\/POST_FDV2025-3-50x63.png 50w, https:\/\/neuchatel-vins-terroir.ch\/wp-content\/uploads\/2025\/08\/POST_FDV2025-3-600x750.png 600w, https:\/\/neuchatel-vins-terroir.ch\/wp-content\/uploads\/2025\/08\/POST_FDV2025-3.png 1080w\" sizes=\"auto, (max-width: 819px) 100vw, 819px\" \/><\/figure>\n<\/div>\n\n\n\n<div class=\"wp-block-column is-layout-flow wp-block-column-is-layout-flow\">\n<h2 class=\"wp-block-heading\">\u00d6ffnungszeiten des Winzerdorfes <\/h2>\n\n\n\n<figure class=\"wp-block-table is-style-stripes\"><table><tbody><tr><td>Freitag, 26. September<\/td><td>17h &#8211; 1h<\/td><\/tr><tr><td>Samstag, 27. September<\/td><td>11h &#8211; 1h<\/td><\/tr><tr><td>Sonntag, 28. September<\/td><td>11h &#8211; 22h<\/td><\/tr><\/tbody><\/table><\/figure>\n\n\n\n<div style=\"height:56px\" aria-hidden=\"true\" class=\"wp-block-spacer\"><\/div>\n\n\n\n<figure class=\"wp-block-image aligncenter size-large is-resized\"><a href=\"https:\/\/fete-des-vendanges.ch\/\" target=\"_blank\" rel=\"noreferrer noopener\"><img loading=\"lazy\" decoding=\"async\" width=\"1024\" height=\"1024\" src=\"https:\/\/neuchatel-vins-terroir.ch\/wp-content\/uploads\/2024\/09\/logo_2_fdv_rouge-1024x1024.png\" alt=\"F&#xEA;te des Vendanges\" class=\"wp-image-39702\" style=\"width:123px;height:auto\" srcset=\"https:\/\/neuchatel-vins-terroir.ch\/wp-content\/uploads\/2024\/09\/logo_2_fdv_rouge-1024x1024.png 1024w, https:\/\/neuchatel-vins-terroir.ch\/wp-content\/uploads\/2024\/09\/logo_2_fdv_rouge-300x300.png 300w, https:\/\/neuchatel-vins-terroir.ch\/wp-content\/uploads\/2024\/09\/logo_2_fdv_rouge-150x150.png 150w, https:\/\/neuchatel-vins-terroir.ch\/wp-content\/uploads\/2024\/09\/logo_2_fdv_rouge-768x768.png 768w, https:\/\/neuchatel-vins-terroir.ch\/wp-content\/uploads\/2024\/09\/logo_2_fdv_rouge-1536x1536.png 1536w, https:\/\/neuchatel-vins-terroir.ch\/wp-content\/uploads\/2024\/09\/logo_2_fdv_rouge-2048x2048.png 2048w, https:\/\/neuchatel-vins-terroir.ch\/wp-content\/uploads\/2024\/09\/logo_2_fdv_rouge-600x600.png 600w, https:\/\/neuchatel-vins-terroir.ch\/wp-content\/uploads\/2024\/09\/logo_2_fdv_rouge-100x100.png 100w\" sizes=\"auto, (max-width: 1024px) 100vw, 1024px\" \/><\/a><\/figure>\n<\/div>\n<\/div>\n\n<div style=\"height:57px\" aria-hidden=\"true\" class=\"wp-block-spacer\"><\/div>\n\n<div class=\"wp-block-columns has-light-skin-background-color has-background is-layout-flex wp-container-core-columns-is-layout-28f84493 wp-block-columns-is-layout-flex\" id=\"exposants\">\n<div class=\"wp-block-column is-layout-flow wp-block-column-is-layout-flow\">\n<h2 class=\"wp-block-heading\">Die Aussteller im Weindorf <\/h2>\n\n\n\n<ul class=\"wp-block-list\">\n<li><strong>La Voile &amp; Chambleau: <\/strong>Weine, Neuenburger Platten und Neuenburger Esquites<\/li>\n\n\n\n<li><strong>Le Croque Faim<\/strong> : Neuenburger Burger <\/li>\n\n\n\n<li><strong>Caves de la B\u00e9roche<\/strong> : Weine<\/li>\n\n\n\n<li><strong>Brasserie de la Meute &amp; Association musicale<\/strong> <strong>Neuch\u00e2tel &#8211; Saint-Blaise<\/strong> : Bier und Weinbauernsteaks<\/li>\n\n\n\n<li><strong>Lionel Gasser Vins<\/strong> : Weine<\/li>\n\n\n\n<li><strong>Domaine Saint-S\u00e9baste<\/strong> <strong>et FC Saint-Blaise<\/strong> : Weine<\/li>\n\n\n\n<li><strong>Domaine des Botanistes &amp; Treymont<\/strong> : Weine, Absinth und Tartares <\/li>\n\n\n\n<li><strong>Rossel Vins &amp; FC Hauterive<\/strong> : Weine und regionale Spezialit\u00e4ten<\/li>\n\n\n\n<li><strong>Caves de la Ville<\/strong> : Weine und Moste<\/li>\n\n\n\n<li><strong>Caves des Lauriers Jungo et Fellmann &amp; Go\u00fbts et R\u00e9gion<\/strong> : Weine und Fondue <\/li>\n\n\n\n<li><strong>Domaine de la Grillette Domaine Grisoni<\/strong> : Weine<\/li>\n\n\n\n<li><strong>Vins Nicolet &amp; Vouga <\/strong>: Weine<\/li>\n\n\n\n<li><strong>Poissonnerie Berger<\/strong> : Poissons <\/li>\n\n\n\n<li><strong>Absinthe la Valote Martin &amp; Boulangerie M\u00e4der <\/strong>: Absinth, Butterkekse und Berliner<\/li>\n\n\n\n<li><strong>Maison de la Tourbi\u00e8re <\/strong>: Raclette<\/li>\n\n\n\n<li><strong>Domaine Divernois <\/strong>: Weine <\/li>\n\n\n\n<li><strong>Caves du Prieur\u00e9 &amp; Boucherie la Prairie<\/strong> : Weine und W\u00fcrste und Petite Neuch\u00e2teloise<\/li>\n\n\n\n<li><strong>Le Vully<\/strong> : Weine, Vully-Kuchen und Cuchaule <\/li>\n\n\n\n<li><strong>Brasserie Celestial &amp; Domaine des Lerins : Les C\u00e9lestins<\/strong> : Weine und Biere<\/li>\n\n\n\n<li><strong>Swiss Wine Gen\u00e8ve <\/strong>: Weine und Flutes<\/li>\n\n\n\n<li><strong>Griot<\/strong> : Neuenburger Burger <\/li>\n<\/ul>\n\n\n\n<p>In der Reihenfolge der Chalets, von Norden nach S\u00fcden der Rue du Seyon<\/p>\n<\/div>\n<\/div>\n\n<div style=\"height:49px\" aria-hidden=\"true\" class=\"wp-block-spacer\"><\/div>\n\n<h2 class=\"wp-block-heading\" id=\"programme\">Das Programm<\/h2>\n\n<div class=\"wp-block-columns is-layout-flex wp-container-core-columns-is-layout-28f84493 wp-block-columns-is-layout-flex\">\n<div class=\"wp-block-column is-layout-flow wp-block-column-is-layout-flow\">\n<h3 class=\"wp-block-heading\">Freitag<\/h3>\n\n\n\n<ul class=\"wp-block-list\">\n<li>Er\u00f6ffnung des Festes\n<ul class=\"wp-block-list\">\n<li>17:00<\/li>\n<\/ul>\n<\/li>\n\n\n\n<li>Verleihung des Gerle d&#8217;Or und Er\u00f6ffnungsrede\n<ul class=\"wp-block-list\">\n<li>18:45 &#8211; 19:00<\/li>\n<\/ul>\n<\/li>\n\n\n\n<li>Boston Ivy\n<ul class=\"wp-block-list\">\n<li>19:00 &#8211; 21:00<\/li>\n<\/ul>\n<\/li>\n\n\n\n<li>ABBAVOICE\n<ul class=\"wp-block-list\">\n<li>21:30 &#8211; 23:15<\/li>\n<\/ul>\n<\/li>\n<\/ul>\n<\/div>\n\n\n\n<div class=\"wp-block-column is-layout-flow wp-block-column-is-layout-flow\">\n<h3 class=\"wp-block-heading\">Samstag<\/h3>\n\n\n\n<ul class=\"wp-block-list\">\n<li>Freie B\u00fchne*\n<ul class=\"wp-block-list\">\n<li>11:00 &#8211; 18:00<\/li>\n<\/ul>\n<\/li>\n\n\n\n<li>V\u00f5 Vi\u00eatnam Club la Chaux-de-Fonds\n<ul class=\"wp-block-list\">\n<li>14:30 &#8211; 15:00<\/li>\n<\/ul>\n<\/li>\n\n\n\n<li>Frer Duo\n<ul class=\"wp-block-list\">\n<li>18:00 &#8211; 20:00  <\/li>\n<\/ul>\n<\/li>\n\n\n\n<li>La B\u00eate \u00e0 Trois T\u00eates\n<ul class=\"wp-block-list\">\n<li>20:30 &#8211; 22:00<\/li>\n<\/ul>\n<\/li>\n\n\n\n<li>Like Alice\n<ul class=\"wp-block-list\">\n<li>22:30 &#8211; 00:00<\/li>\n<\/ul>\n<\/li>\n<\/ul>\n<\/div>\n\n\n\n<div class=\"wp-block-column is-layout-flow wp-block-column-is-layout-flow\">\n<h3 class=\"wp-block-heading\">Sonntag<\/h3>\n\n\n\n<ul class=\"wp-block-list\">\n<li>Freie B\u00fchne*\n<ul class=\"wp-block-list\">\n<li>11:00 &#8211; 15:30<\/li>\n<\/ul>\n<\/li>\n\n\n\n<li>Fr\u00e9quence Rock + Rock&#8217;n&#8217;Fly\n<ul class=\"wp-block-list\">\n<li>13:00 &#8211; 13:20<\/li>\n\n\n\n<li>14:30 &#8211; 14:50<\/li>\n<\/ul>\n<\/li>\n\n\n\n<li>KVO Jazz Club &#8211; The Tonal Few\n<ul class=\"wp-block-list\">\n<li>17:00 &#8211; 18:45<\/li>\n<\/ul>\n<\/li>\n\n\n\n<li>KVO Jazz Club &#8211; Doris Lavin &amp; su Combo\n<ul class=\"wp-block-list\">\n<li>19:00 &#8211; 21:00<\/li>\n<\/ul>\n<\/li>\n<\/ul>\n<\/div>\n<\/div>\n\n<p>*Auf der B\u00fchne des Village des Vignerons finden spontane Auftritte statt, um die lokale Kreativit\u00e4t zu f\u00f6rdern.<\/p>\n\n<div style=\"height:36px\" aria-hidden=\"true\" class=\"wp-block-spacer\"><\/div>\n\n<p><a href=\"https:\/\/neuchatel-vins-terroir.ch\/de\/agenda\/\" data-type=\"page\" data-id=\"18\">Entdecken Sie die anderen Veranstaltungen<\/a> von Neuch\u00e2tel Vins et Terroir!<\/p>\n\n<div style=\"height:27px\" aria-hidden=\"true\" class=\"wp-block-spacer\"><\/div>\n\n<div class=\"wp-block-columns is-layout-flex wp-container-core-columns-is-layout-28f84493 wp-block-columns-is-layout-flex\">\n<div class=\"wp-block-column is-layout-flow wp-block-column-is-layout-flow\">\n<figure class=\"wp-block-image size-large is-resized\"><img loading=\"lazy\" decoding=\"async\" width=\"769\" height=\"1024\" src=\"https:\/\/neuchatel-vins-terroir.ch\/wp-content\/uploads\/2025\/08\/rg_NE-1a-1-769x1024.png\" alt=\"\" class=\"wp-image-44507\" style=\"width:77px;height:auto\" srcset=\"https:\/\/neuchatel-vins-terroir.ch\/wp-content\/uploads\/2025\/08\/rg_NE-1a-1-769x1024.png 769w, https:\/\/neuchatel-vins-terroir.ch\/wp-content\/uploads\/2025\/08\/rg_NE-1a-1-225x300.png 225w, https:\/\/neuchatel-vins-terroir.ch\/wp-content\/uploads\/2025\/08\/rg_NE-1a-1-768x1023.png 768w, https:\/\/neuchatel-vins-terroir.ch\/wp-content\/uploads\/2025\/08\/rg_NE-1a-1-50x67.png 50w, https:\/\/neuchatel-vins-terroir.ch\/wp-content\/uploads\/2025\/08\/rg_NE-1a-1-1600x2131.png 1600w, https:\/\/neuchatel-vins-terroir.ch\/wp-content\/uploads\/2025\/08\/rg_NE-1a-1-1153x1536.png 1153w, https:\/\/neuchatel-vins-terroir.ch\/wp-content\/uploads\/2025\/08\/rg_NE-1a-1-1537x2048.png 1537w, https:\/\/neuchatel-vins-terroir.ch\/wp-content\/uploads\/2025\/08\/rg_NE-1a-1-600x799.png 600w, https:\/\/neuchatel-vins-terroir.ch\/wp-content\/uploads\/2025\/08\/rg_NE-1a-1-scaled.png 1922w\" sizes=\"auto, (max-width: 769px) 100vw, 769px\" \/><\/figure>\n<\/div>\n\n\n\n<div class=\"wp-block-column is-layout-flow wp-block-column-is-layout-flow\">\n<figure class=\"wp-block-image size-full is-resized\"><img loading=\"lazy\" decoding=\"async\" width=\"621\" height=\"199\" src=\"https:\/\/neuchatel-vins-terroir.ch\/wp-content\/uploads\/2025\/08\/sans-fond_SWP_Neuchatel-1.png\" alt=\"\" class=\"wp-image-44510\" style=\"width:177px;height:auto\" srcset=\"https:\/\/neuchatel-vins-terroir.ch\/wp-content\/uploads\/2025\/08\/sans-fond_SWP_Neuchatel-1.png 621w, https:\/\/neuchatel-vins-terroir.ch\/wp-content\/uploads\/2025\/08\/sans-fond_SWP_Neuchatel-1-300x96.png 300w, https:\/\/neuchatel-vins-terroir.ch\/wp-content\/uploads\/2025\/08\/sans-fond_SWP_Neuchatel-1-50x16.png 50w, https:\/\/neuchatel-vins-terroir.ch\/wp-content\/uploads\/2025\/08\/sans-fond_SWP_Neuchatel-1-600x192.png 600w\" sizes=\"auto, (max-width: 621px) 100vw, 621px\" \/><\/figure>\n<\/div>\n\n\n\n<div class=\"wp-block-column is-layout-flow wp-block-column-is-layout-flow\">\n<figure class=\"wp-block-image size-large is-resized\"><img loading=\"lazy\" decoding=\"async\" width=\"1024\" height=\"293\" src=\"https:\/\/neuchatel-vins-terroir.ch\/wp-content\/uploads\/2025\/08\/OFAG-FR-1024x293.jpg\" alt=\"\" class=\"wp-image-44513\" style=\"width:201px;height:auto\" srcset=\"https:\/\/neuchatel-vins-terroir.ch\/wp-content\/uploads\/2025\/08\/OFAG-FR-1024x293.jpg 1024w, https:\/\/neuchatel-vins-terroir.ch\/wp-content\/uploads\/2025\/08\/OFAG-FR-300x86.jpg 300w, https:\/\/neuchatel-vins-terroir.ch\/wp-content\/uploads\/2025\/08\/OFAG-FR-768x220.jpg 768w, https:\/\/neuchatel-vins-terroir.ch\/wp-content\/uploads\/2025\/08\/OFAG-FR-50x14.jpg 50w, https:\/\/neuchatel-vins-terroir.ch\/wp-content\/uploads\/2025\/08\/OFAG-FR-600x172.jpg 600w, https:\/\/neuchatel-vins-terroir.ch\/wp-content\/uploads\/2025\/08\/OFAG-FR.jpg 1489w\" sizes=\"auto, (max-width: 1024px) 100vw, 1024px\" \/><\/figure>\n<\/div>\n<\/div>\n","protected":false},"excerpt":{"rendered":"<p>Dieses Jahr beherbergt das Winzerdorf w\u00e4hrend des Weinlesefestes 21 Chalets. Winzer, Produzenten und Partner sind Teil des Winzerdorfes. Sie repr\u00e4sentieren [&hellip;]<\/p>\n","protected":false},"author":25,"featured_media":36553,"comment_status":"closed","ping_status":"closed","sticky":false,"template":"","format":"standard","meta":{"_acf_changed":false,"_kad_blocks_custom_css":"","_kad_blocks_head_custom_js":"","_kad_blocks_body_custom_js":"","_kad_blocks_footer_custom_js":"","footnotes":""},"categories":[502],"tags":[],"class_list":["post-39506","post","type-post","status-publish","format-standard","has-post-thumbnail","hentry","category-veranstaltungen-messen-ausstellungen"],"acf":[],"yoast_head":"<!-- This site is optimized with the Yoast SEO plugin v27.4 - https:\/\/yoast.com\/product\/yoast-seo-wordpress\/ -->\n<title>Das Winzerdorf - F\u00eate des Vendanges 2025 - Neuch\u00e2tel vins et terroir<\/title>\n<meta name=\"robots\" content=\"index, follow, max-snippet:-1, max-image-preview:large, max-video-preview:-1\" \/>\n<link rel=\"canonical\" href=\"https:\/\/neuchatel-vins-terroir.ch\/de\/das-winzerdorf-fete-des-vendanges-2025\/\" \/>\n<meta property=\"og:locale\" content=\"de_DE\" \/>\n<meta property=\"og:type\" content=\"article\" \/>\n<meta property=\"og:title\" content=\"Das Winzerdorf - F\u00eate des Vendanges 2025 - Neuch\u00e2tel vins et terroir\" \/>\n<meta property=\"og:description\" content=\"Dieses Jahr beherbergt das Winzerdorf w\u00e4hrend des Weinlesefestes 21 Chalets. Winzer, Produzenten und Partner sind Teil des Winzerdorfes. Sie repr\u00e4sentieren [&hellip;]\" \/>\n<meta property=\"og:url\" content=\"https:\/\/neuchatel-vins-terroir.ch\/de\/das-winzerdorf-fete-des-vendanges-2025\/\" \/>\n<meta property=\"og:site_name\" content=\"Neuch\u00e2tel vins et terroir\" \/>\n<meta property=\"article:published_time\" content=\"2025-09-12T09:18:40+00:00\" \/>\n<meta property=\"article:modified_time\" content=\"2025-09-16T11:36:57+00:00\" \/>\n<meta property=\"og:image\" content=\"https:\/\/neuchatel-vins-terroir.ch\/wp-content\/uploads\/2024\/01\/IMG_4030-Enhanced-NR-scaled.jpg\" \/>\n\t<meta property=\"og:image:width\" content=\"2560\" \/>\n\t<meta property=\"og:image:height\" content=\"1752\" \/>\n\t<meta property=\"og:image:type\" content=\"image\/jpeg\" \/>\n<meta name=\"author\" content=\"Neuchatel Vins et Terroir NVT\" \/>\n<meta name=\"twitter:card\" content=\"summary_large_image\" \/>\n<meta name=\"twitter:label1\" content=\"Verfasst von\" \/>\n\t<meta name=\"twitter:data1\" content=\"Neuchatel Vins et Terroir NVT\" \/>\n\t<meta name=\"twitter:label2\" content=\"Gesch\u00e4tzte Lesezeit\" \/>\n\t<meta name=\"twitter:data2\" content=\"2\u00a0Minuten\" \/>\n<script type=\"application\/ld+json\" class=\"yoast-schema-graph\">{\"@context\":\"https:\\\/\\\/schema.org\",\"@graph\":[{\"@type\":\"Article\",\"@id\":\"https:\\\/\\\/neuchatel-vins-terroir.ch\\\/de\\\/das-winzerdorf-fete-des-vendanges-2025\\\/#article\",\"isPartOf\":{\"@id\":\"https:\\\/\\\/neuchatel-vins-terroir.ch\\\/de\\\/das-winzerdorf-fete-des-vendanges-2025\\\/\"},\"author\":{\"name\":\"Neuchatel Vins et Terroir NVT\",\"@id\":\"https:\\\/\\\/neuchatel-vins-terroir.ch\\\/#\\\/schema\\\/person\\\/5120d608dedd8c0db7e63e796a5d19fc\"},\"headline\":\"Das Winzerdorf &#8211; F\u00eate des Vendanges 2025\",\"datePublished\":\"2025-09-12T09:18:40+00:00\",\"dateModified\":\"2025-09-16T11:36:57+00:00\",\"mainEntityOfPage\":{\"@id\":\"https:\\\/\\\/neuchatel-vins-terroir.ch\\\/de\\\/das-winzerdorf-fete-des-vendanges-2025\\\/\"},\"wordCount\":377,\"publisher\":{\"@id\":\"https:\\\/\\\/neuchatel-vins-terroir.ch\\\/#organization\"},\"image\":{\"@id\":\"https:\\\/\\\/neuchatel-vins-terroir.ch\\\/de\\\/das-winzerdorf-fete-des-vendanges-2025\\\/#primaryimage\"},\"thumbnailUrl\":\"https:\\\/\\\/neuchatel-vins-terroir.ch\\\/wp-content\\\/uploads\\\/2024\\\/01\\\/IMG_4030-Enhanced-NR-scaled.jpg\",\"articleSection\":[\"Veranstaltungen \\\/ Messen \\\/ Ausstellungen\"],\"inLanguage\":\"de\"},{\"@type\":\"WebPage\",\"@id\":\"https:\\\/\\\/neuchatel-vins-terroir.ch\\\/de\\\/das-winzerdorf-fete-des-vendanges-2025\\\/\",\"url\":\"https:\\\/\\\/neuchatel-vins-terroir.ch\\\/de\\\/das-winzerdorf-fete-des-vendanges-2025\\\/\",\"name\":\"Das Winzerdorf - F\u00eate des Vendanges 2025 - Neuch\u00e2tel vins et terroir\",\"isPartOf\":{\"@id\":\"https:\\\/\\\/neuchatel-vins-terroir.ch\\\/#website\"},\"primaryImageOfPage\":{\"@id\":\"https:\\\/\\\/neuchatel-vins-terroir.ch\\\/de\\\/das-winzerdorf-fete-des-vendanges-2025\\\/#primaryimage\"},\"image\":{\"@id\":\"https:\\\/\\\/neuchatel-vins-terroir.ch\\\/de\\\/das-winzerdorf-fete-des-vendanges-2025\\\/#primaryimage\"},\"thumbnailUrl\":\"https:\\\/\\\/neuchatel-vins-terroir.ch\\\/wp-content\\\/uploads\\\/2024\\\/01\\\/IMG_4030-Enhanced-NR-scaled.jpg\",\"datePublished\":\"2025-09-12T09:18:40+00:00\",\"dateModified\":\"2025-09-16T11:36:57+00:00\",\"breadcrumb\":{\"@id\":\"https:\\\/\\\/neuchatel-vins-terroir.ch\\\/de\\\/das-winzerdorf-fete-des-vendanges-2025\\\/#breadcrumb\"},\"inLanguage\":\"de\",\"potentialAction\":[{\"@type\":\"ReadAction\",\"target\":[\"https:\\\/\\\/neuchatel-vins-terroir.ch\\\/de\\\/das-winzerdorf-fete-des-vendanges-2025\\\/\"]}]},{\"@type\":\"ImageObject\",\"inLanguage\":\"de\",\"@id\":\"https:\\\/\\\/neuchatel-vins-terroir.ch\\\/de\\\/das-winzerdorf-fete-des-vendanges-2025\\\/#primaryimage\",\"url\":\"https:\\\/\\\/neuchatel-vins-terroir.ch\\\/wp-content\\\/uploads\\\/2024\\\/01\\\/IMG_4030-Enhanced-NR-scaled.jpg\",\"contentUrl\":\"https:\\\/\\\/neuchatel-vins-terroir.ch\\\/wp-content\\\/uploads\\\/2024\\\/01\\\/IMG_4030-Enhanced-NR-scaled.jpg\",\"width\":2560,\"height\":1752},{\"@type\":\"BreadcrumbList\",\"@id\":\"https:\\\/\\\/neuchatel-vins-terroir.ch\\\/de\\\/das-winzerdorf-fete-des-vendanges-2025\\\/#breadcrumb\",\"itemListElement\":[{\"@type\":\"ListItem\",\"position\":1,\"name\":\"Accueil\",\"item\":\"https:\\\/\\\/neuchatel-vins-terroir.ch\\\/de\\\/home\\\/\"},{\"@type\":\"ListItem\",\"position\":2,\"name\":\"Das Winzerdorf &#8211; F\u00eate des Vendanges 2025\"}]},{\"@type\":\"WebSite\",\"@id\":\"https:\\\/\\\/neuchatel-vins-terroir.ch\\\/#website\",\"url\":\"https:\\\/\\\/neuchatel-vins-terroir.ch\\\/\",\"name\":\"Neuch\u00e2tel vins et terroir\",\"description\":\"Neuch\u00e2tel vins et terroir\",\"publisher\":{\"@id\":\"https:\\\/\\\/neuchatel-vins-terroir.ch\\\/#organization\"},\"potentialAction\":[{\"@type\":\"SearchAction\",\"target\":{\"@type\":\"EntryPoint\",\"urlTemplate\":\"https:\\\/\\\/neuchatel-vins-terroir.ch\\\/?s={search_term_string}\"},\"query-input\":{\"@type\":\"PropertyValueSpecification\",\"valueRequired\":true,\"valueName\":\"search_term_string\"}}],\"inLanguage\":\"de\"},{\"@type\":\"Organization\",\"@id\":\"https:\\\/\\\/neuchatel-vins-terroir.ch\\\/#organization\",\"name\":\"Neuch\u00e2tel vins et terroir\",\"url\":\"https:\\\/\\\/neuchatel-vins-terroir.ch\\\/\",\"logo\":{\"@type\":\"ImageObject\",\"inLanguage\":\"de\",\"@id\":\"https:\\\/\\\/neuchatel-vins-terroir.ch\\\/#\\\/schema\\\/logo\\\/image\\\/\",\"url\":\"https:\\\/\\\/neuchatel-vins-terroir.ch\\\/wp-content\\\/uploads\\\/2021\\\/11\\\/logo_nvt.svg\",\"contentUrl\":\"https:\\\/\\\/neuchatel-vins-terroir.ch\\\/wp-content\\\/uploads\\\/2021\\\/11\\\/logo_nvt.svg\",\"width\":156,\"height\":82,\"caption\":\"Neuch\u00e2tel vins et terroir\"},\"image\":{\"@id\":\"https:\\\/\\\/neuchatel-vins-terroir.ch\\\/#\\\/schema\\\/logo\\\/image\\\/\"}},{\"@type\":\"Person\",\"@id\":\"https:\\\/\\\/neuchatel-vins-terroir.ch\\\/#\\\/schema\\\/person\\\/5120d608dedd8c0db7e63e796a5d19fc\",\"name\":\"Neuchatel Vins et Terroir NVT\",\"image\":{\"@type\":\"ImageObject\",\"inLanguage\":\"de\",\"@id\":\"https:\\\/\\\/secure.gravatar.com\\\/avatar\\\/4b0e32d0c06277613a70db9cde071562418a7afc2743a7cdf44fa999d7b82e29?s=96&d=mm&r=g\",\"url\":\"https:\\\/\\\/secure.gravatar.com\\\/avatar\\\/4b0e32d0c06277613a70db9cde071562418a7afc2743a7cdf44fa999d7b82e29?s=96&d=mm&r=g\",\"contentUrl\":\"https:\\\/\\\/secure.gravatar.com\\\/avatar\\\/4b0e32d0c06277613a70db9cde071562418a7afc2743a7cdf44fa999d7b82e29?s=96&d=mm&r=g\",\"caption\":\"Neuchatel Vins et Terroir NVT\"},\"url\":\"https:\\\/\\\/neuchatel-vins-terroir.ch\\\/de\\\/author\\\/nvt\\\/\"}]}<\/script>\n<!-- \/ Yoast SEO plugin. -->","yoast_head_json":{"title":"Das Winzerdorf - F\u00eate des Vendanges 2025 - Neuch\u00e2tel vins et terroir","robots":{"index":"index","follow":"follow","max-snippet":"max-snippet:-1","max-image-preview":"max-image-preview:large","max-video-preview":"max-video-preview:-1"},"canonical":"https:\/\/neuchatel-vins-terroir.ch\/de\/das-winzerdorf-fete-des-vendanges-2025\/","og_locale":"de_DE","og_type":"article","og_title":"Das Winzerdorf - F\u00eate des Vendanges 2025 - Neuch\u00e2tel vins et terroir","og_description":"Dieses Jahr beherbergt das Winzerdorf w\u00e4hrend des Weinlesefestes 21 Chalets. Winzer, Produzenten und Partner sind Teil des Winzerdorfes. Sie repr\u00e4sentieren [&hellip;]","og_url":"https:\/\/neuchatel-vins-terroir.ch\/de\/das-winzerdorf-fete-des-vendanges-2025\/","og_site_name":"Neuch\u00e2tel vins et terroir","article_published_time":"2025-09-12T09:18:40+00:00","article_modified_time":"2025-09-16T11:36:57+00:00","og_image":[{"width":2560,"height":1752,"url":"https:\/\/neuchatel-vins-terroir.ch\/wp-content\/uploads\/2024\/01\/IMG_4030-Enhanced-NR-scaled.jpg","type":"image\/jpeg"}],"author":"Neuchatel Vins et Terroir NVT","twitter_card":"summary_large_image","twitter_misc":{"Verfasst von":"Neuchatel Vins et Terroir NVT","Gesch\u00e4tzte Lesezeit":"2\u00a0Minuten"},"schema":{"@context":"https:\/\/schema.org","@graph":[{"@type":"Article","@id":"https:\/\/neuchatel-vins-terroir.ch\/de\/das-winzerdorf-fete-des-vendanges-2025\/#article","isPartOf":{"@id":"https:\/\/neuchatel-vins-terroir.ch\/de\/das-winzerdorf-fete-des-vendanges-2025\/"},"author":{"name":"Neuchatel Vins et Terroir NVT","@id":"https:\/\/neuchatel-vins-terroir.ch\/#\/schema\/person\/5120d608dedd8c0db7e63e796a5d19fc"},"headline":"Das Winzerdorf &#8211; F\u00eate des Vendanges 2025","datePublished":"2025-09-12T09:18:40+00:00","dateModified":"2025-09-16T11:36:57+00:00","mainEntityOfPage":{"@id":"https:\/\/neuchatel-vins-terroir.ch\/de\/das-winzerdorf-fete-des-vendanges-2025\/"},"wordCount":377,"publisher":{"@id":"https:\/\/neuchatel-vins-terroir.ch\/#organization"},"image":{"@id":"https:\/\/neuchatel-vins-terroir.ch\/de\/das-winzerdorf-fete-des-vendanges-2025\/#primaryimage"},"thumbnailUrl":"https:\/\/neuchatel-vins-terroir.ch\/wp-content\/uploads\/2024\/01\/IMG_4030-Enhanced-NR-scaled.jpg","articleSection":["Veranstaltungen \/ Messen \/ Ausstellungen"],"inLanguage":"de"},{"@type":"WebPage","@id":"https:\/\/neuchatel-vins-terroir.ch\/de\/das-winzerdorf-fete-des-vendanges-2025\/","url":"https:\/\/neuchatel-vins-terroir.ch\/de\/das-winzerdorf-fete-des-vendanges-2025\/","name":"Das Winzerdorf - F\u00eate des Vendanges 2025 - Neuch\u00e2tel vins et terroir","isPartOf":{"@id":"https:\/\/neuchatel-vins-terroir.ch\/#website"},"primaryImageOfPage":{"@id":"https:\/\/neuchatel-vins-terroir.ch\/de\/das-winzerdorf-fete-des-vendanges-2025\/#primaryimage"},"image":{"@id":"https:\/\/neuchatel-vins-terroir.ch\/de\/das-winzerdorf-fete-des-vendanges-2025\/#primaryimage"},"thumbnailUrl":"https:\/\/neuchatel-vins-terroir.ch\/wp-content\/uploads\/2024\/01\/IMG_4030-Enhanced-NR-scaled.jpg","datePublished":"2025-09-12T09:18:40+00:00","dateModified":"2025-09-16T11:36:57+00:00","breadcrumb":{"@id":"https:\/\/neuchatel-vins-terroir.ch\/de\/das-winzerdorf-fete-des-vendanges-2025\/#breadcrumb"},"inLanguage":"de","potentialAction":[{"@type":"ReadAction","target":["https:\/\/neuchatel-vins-terroir.ch\/de\/das-winzerdorf-fete-des-vendanges-2025\/"]}]},{"@type":"ImageObject","inLanguage":"de","@id":"https:\/\/neuchatel-vins-terroir.ch\/de\/das-winzerdorf-fete-des-vendanges-2025\/#primaryimage","url":"https:\/\/neuchatel-vins-terroir.ch\/wp-content\/uploads\/2024\/01\/IMG_4030-Enhanced-NR-scaled.jpg","contentUrl":"https:\/\/neuchatel-vins-terroir.ch\/wp-content\/uploads\/2024\/01\/IMG_4030-Enhanced-NR-scaled.jpg","width":2560,"height":1752},{"@type":"BreadcrumbList","@id":"https:\/\/neuchatel-vins-terroir.ch\/de\/das-winzerdorf-fete-des-vendanges-2025\/#breadcrumb","itemListElement":[{"@type":"ListItem","position":1,"name":"Accueil","item":"https:\/\/neuchatel-vins-terroir.ch\/de\/home\/"},{"@type":"ListItem","position":2,"name":"Das Winzerdorf &#8211; F\u00eate des Vendanges 2025"}]},{"@type":"WebSite","@id":"https:\/\/neuchatel-vins-terroir.ch\/#website","url":"https:\/\/neuchatel-vins-terroir.ch\/","name":"Neuch\u00e2tel vins et terroir","description":"Neuch\u00e2tel vins et terroir","publisher":{"@id":"https:\/\/neuchatel-vins-terroir.ch\/#organization"},"potentialAction":[{"@type":"SearchAction","target":{"@type":"EntryPoint","urlTemplate":"https:\/\/neuchatel-vins-terroir.ch\/?s={search_term_string}"},"query-input":{"@type":"PropertyValueSpecification","valueRequired":true,"valueName":"search_term_string"}}],"inLanguage":"de"},{"@type":"Organization","@id":"https:\/\/neuchatel-vins-terroir.ch\/#organization","name":"Neuch\u00e2tel vins et terroir","url":"https:\/\/neuchatel-vins-terroir.ch\/","logo":{"@type":"ImageObject","inLanguage":"de","@id":"https:\/\/neuchatel-vins-terroir.ch\/#\/schema\/logo\/image\/","url":"https:\/\/neuchatel-vins-terroir.ch\/wp-content\/uploads\/2021\/11\/logo_nvt.svg","contentUrl":"https:\/\/neuchatel-vins-terroir.ch\/wp-content\/uploads\/2021\/11\/logo_nvt.svg","width":156,"height":82,"caption":"Neuch\u00e2tel vins et terroir"},"image":{"@id":"https:\/\/neuchatel-vins-terroir.ch\/#\/schema\/logo\/image\/"}},{"@type":"Person","@id":"https:\/\/neuchatel-vins-terroir.ch\/#\/schema\/person\/5120d608dedd8c0db7e63e796a5d19fc","name":"Neuchatel Vins et Terroir NVT","image":{"@type":"ImageObject","inLanguage":"de","@id":"https:\/\/secure.gravatar.com\/avatar\/4b0e32d0c06277613a70db9cde071562418a7afc2743a7cdf44fa999d7b82e29?s=96&d=mm&r=g","url":"https:\/\/secure.gravatar.com\/avatar\/4b0e32d0c06277613a70db9cde071562418a7afc2743a7cdf44fa999d7b82e29?s=96&d=mm&r=g","contentUrl":"https:\/\/secure.gravatar.com\/avatar\/4b0e32d0c06277613a70db9cde071562418a7afc2743a7cdf44fa999d7b82e29?s=96&d=mm&r=g","caption":"Neuchatel Vins et Terroir NVT"},"url":"https:\/\/neuchatel-vins-terroir.ch\/de\/author\/nvt\/"}]}},"taxonomy_info":{"category":[{"value":502,"label":"Veranstaltungen \/ Messen \/ Ausstellungen"}]},"featured_image_src_large":["https:\/\/neuchatel-vins-terroir.ch\/wp-content\/uploads\/2024\/01\/IMG_4030-Enhanced-NR-1024x701.jpg",1024,701,true],"author_info":{"display_name":"Neuchatel Vins et Terroir NVT","author_link":"https:\/\/neuchatel-vins-terroir.ch\/de\/author\/nvt\/"},"comment_info":0,"category_info":[{"term_id":502,"name":"Veranstaltungen \/ Messen \/ Ausstellungen","slug":"veranstaltungen-messen-ausstellungen","term_group":0,"term_taxonomy_id":502,"taxonomy":"category","description":"","parent":0,"count":7,"filter":"raw","cat_ID":502,"category_count":7,"category_description":"","cat_name":"Veranstaltungen \/ Messen \/ Ausstellungen","category_nicename":"veranstaltungen-messen-ausstellungen","category_parent":0}],"tag_info":false,"publishpress_future_workflow_manual_trigger":{"enabledWorkflows":[]},"_links":{"self":[{"href":"https:\/\/neuchatel-vins-terroir.ch\/de\/wp-json\/wp\/v2\/posts\/39506","targetHints":{"allow":["GET"]}}],"collection":[{"href":"https:\/\/neuchatel-vins-terroir.ch\/de\/wp-json\/wp\/v2\/posts"}],"about":[{"href":"https:\/\/neuchatel-vins-terroir.ch\/de\/wp-json\/wp\/v2\/types\/post"}],"author":[{"embeddable":true,"href":"https:\/\/neuchatel-vins-terroir.ch\/de\/wp-json\/wp\/v2\/users\/25"}],"replies":[{"embeddable":true,"href":"https:\/\/neuchatel-vins-terroir.ch\/de\/wp-json\/wp\/v2\/comments?post=39506"}],"version-history":[{"count":14,"href":"https:\/\/neuchatel-vins-terroir.ch\/de\/wp-json\/wp\/v2\/posts\/39506\/revisions"}],"predecessor-version":[{"id":44521,"href":"https:\/\/neuchatel-vins-terroir.ch\/de\/wp-json\/wp\/v2\/posts\/39506\/revisions\/44521"}],"wp:featuredmedia":[{"embeddable":true,"href":"https:\/\/neuchatel-vins-terroir.ch\/de\/wp-json\/wp\/v2\/media\/36553"}],"wp:attachment":[{"href":"https:\/\/neuchatel-vins-terroir.ch\/de\/wp-json\/wp\/v2\/media?parent=39506"}],"wp:term":[{"taxonomy":"category","embeddable":true,"href":"https:\/\/neuchatel-vins-terroir.ch\/de\/wp-json\/wp\/v2\/categories?post=39506"},{"taxonomy":"post_tag","embeddable":true,"href":"https:\/\/neuchatel-vins-terroir.ch\/de\/wp-json\/wp\/v2\/tags?post=39506"}],"curies":[{"name":"wp","href":"https:\/\/api.w.org\/{rel}","templated":true}]}}