{"id":42245,"date":"2025-05-13T14:03:37","date_gmt":"2025-05-13T14:03:37","guid":{"rendered":"https:\/\/neuchatel-vins-terroir.ch\/teilen-sie-uns-ihre-eindruecke-von-den-offenen-neuenburger-kellern-2025-mit\/"},"modified":"2025-05-13T14:03:43","modified_gmt":"2025-05-13T14:03:43","slug":"teilen-sie-uns-ihre-eindruecke-von-den-offenen-neuenburger-kellern-2025-mit","status":"publish","type":"post","link":"https:\/\/neuchatel-vins-terroir.ch\/de\/teilen-sie-uns-ihre-eindruecke-von-den-offenen-neuenburger-kellern-2025-mit\/","title":{"rendered":"Teilen Sie uns Ihre Eindr\u00fccke von den Offenen Neuenburger Kellern 2025 mit."},"content":{"rendered":"\n\n\n<p class=\"has-text-align-center gutenslider-content-initial has-larger-font-size\"><\/p>\n\n\n\n\n\n<p class=\"has-text-align-center gutenslider-content-initial has-larger-font-size\"><\/p>\n\n\n\n\n\n<p class=\"has-text-align-center gutenslider-content-initial has-larger-font-size\"><\/p>\n\n\n\n\n\n<p class=\"has-text-align-center gutenslider-content-initial has-larger-font-size\"><\/p>\n\n\n\n\n\n<p class=\"has-text-align-center gutenslider-content-initial has-larger-font-size\"><\/p>\n\n\n\n<h4 class=\"wp-block-heading\">Sie haben an den Offenen Weinkellern 2025 teilgenommen und wir w\u00fcrden gerne Ihre Eindr\u00fccke h\u00f6ren, um Ihre Erfahrungen bei den n\u00e4chsten Veranstaltungen zu verbessern!<\/h4>\n\n<div class=\"wp-block-buttons is-content-justification-center is-layout-flex wp-container-core-buttons-is-layout-a89b3969 wp-block-buttons-is-layout-flex\">\n<div class=\"wp-block-button is-style-outline is-style-outline--1\"><a class=\"wp-block-button__link has-text-color has-link-color wp-element-button\" href=\"https:\/\/forms.gle\/9kayv8Us2Rp2sJLz5\" style=\"color:#46a495\" target=\"_blank\" rel=\"noreferrer noopener\">Ich gebe meine Eindr\u00fccke wieder<\/a><\/div>\n<\/div>\n\n<p><a href=\"https:\/\/neuchatel-vins-terroir.ch\/de\/agenda\/?_event_type=nos-evenements\">Entdecken Sie unsere n\u00e4chsten Veranstaltungen<\/a><\/p>\n\n<p><\/p>\n","protected":false},"excerpt":{"rendered":"<p>Sie haben an den Offenen Weinkellern 2025 teilgenommen und wir w\u00fcrden gerne Ihre Eindr\u00fccke h\u00f6ren, um Ihre Erfahrungen bei den [&hellip;]<\/p>\n","protected":false},"author":25,"featured_media":42217,"comment_status":"closed","ping_status":"closed","sticky":false,"template":"","format":"standard","meta":{"_acf_changed":false,"_kad_blocks_custom_css":"","_kad_blocks_head_custom_js":"","_kad_blocks_body_custom_js":"","_kad_blocks_footer_custom_js":"","footnotes":""},"categories":[502],"tags":[],"class_list":["post-42245","post","type-post","status-publish","format-standard","has-post-thumbnail","hentry","category-veranstaltungen-messen-ausstellungen"],"acf":[],"yoast_head":"<!-- This site is optimized with the Yoast SEO plugin v27.4 - https:\/\/yoast.com\/product\/yoast-seo-wordpress\/ -->\n<title>Teilen Sie uns Ihre Eindr\u00fccke von den Offenen Neuenburger Kellern 2025 mit. - Neuch\u00e2tel vins et terroir<\/title>\n<meta name=\"robots\" content=\"index, follow, max-snippet:-1, max-image-preview:large, max-video-preview:-1\" \/>\n<link rel=\"canonical\" href=\"https:\/\/neuchatel-vins-terroir.ch\/de\/teilen-sie-uns-ihre-eindruecke-von-den-offenen-neuenburger-kellern-2025-mit\/\" \/>\n<meta property=\"og:locale\" content=\"de_DE\" \/>\n<meta property=\"og:type\" content=\"article\" \/>\n<meta property=\"og:title\" content=\"Teilen Sie uns Ihre Eindr\u00fccke von den Offenen Neuenburger Kellern 2025 mit. - Neuch\u00e2tel vins et terroir\" \/>\n<meta property=\"og:description\" content=\"Sie haben an den Offenen Weinkellern 2025 teilgenommen und wir w\u00fcrden gerne Ihre Eindr\u00fccke h\u00f6ren, um Ihre Erfahrungen bei den [&hellip;]\" \/>\n<meta property=\"og:url\" content=\"https:\/\/neuchatel-vins-terroir.ch\/de\/teilen-sie-uns-ihre-eindruecke-von-den-offenen-neuenburger-kellern-2025-mit\/\" \/>\n<meta property=\"og:site_name\" content=\"Neuch\u00e2tel vins et terroir\" \/>\n<meta property=\"article:published_time\" content=\"2025-05-13T14:03:37+00:00\" \/>\n<meta property=\"article:modified_time\" content=\"2025-05-13T14:03:43+00:00\" \/>\n<meta property=\"og:image\" content=\"https:\/\/neuchatel-vins-terroir.ch\/wp-content\/uploads\/2025\/05\/145_CavesOuvertes2025.jpg\" \/>\n\t<meta property=\"og:image:width\" content=\"1600\" \/>\n\t<meta property=\"og:image:height\" content=\"1067\" \/>\n\t<meta property=\"og:image:type\" content=\"image\/jpeg\" \/>\n<meta name=\"author\" content=\"Neuchatel Vins et Terroir NVT\" \/>\n<meta name=\"twitter:card\" content=\"summary_large_image\" \/>\n<meta name=\"twitter:label1\" content=\"Verfasst von\" \/>\n\t<meta name=\"twitter:data1\" content=\"Neuchatel Vins et Terroir NVT\" \/>\n<script type=\"application\/ld+json\" class=\"yoast-schema-graph\">{\"@context\":\"https:\\\/\\\/schema.org\",\"@graph\":[{\"@type\":\"Article\",\"@id\":\"https:\\\/\\\/neuchatel-vins-terroir.ch\\\/de\\\/teilen-sie-uns-ihre-eindruecke-von-den-offenen-neuenburger-kellern-2025-mit\\\/#article\",\"isPartOf\":{\"@id\":\"https:\\\/\\\/neuchatel-vins-terroir.ch\\\/de\\\/teilen-sie-uns-ihre-eindruecke-von-den-offenen-neuenburger-kellern-2025-mit\\\/\"},\"author\":{\"name\":\"Neuchatel Vins et Terroir NVT\",\"@id\":\"https:\\\/\\\/neuchatel-vins-terroir.ch\\\/#\\\/schema\\\/person\\\/5120d608dedd8c0db7e63e796a5d19fc\"},\"headline\":\"Teilen Sie uns Ihre Eindr\u00fccke von den Offenen Neuenburger Kellern 2025 mit.\",\"datePublished\":\"2025-05-13T14:03:37+00:00\",\"dateModified\":\"2025-05-13T14:03:43+00:00\",\"mainEntityOfPage\":{\"@id\":\"https:\\\/\\\/neuchatel-vins-terroir.ch\\\/de\\\/teilen-sie-uns-ihre-eindruecke-von-den-offenen-neuenburger-kellern-2025-mit\\\/\"},\"wordCount\":51,\"publisher\":{\"@id\":\"https:\\\/\\\/neuchatel-vins-terroir.ch\\\/#organization\"},\"image\":{\"@id\":\"https:\\\/\\\/neuchatel-vins-terroir.ch\\\/de\\\/teilen-sie-uns-ihre-eindruecke-von-den-offenen-neuenburger-kellern-2025-mit\\\/#primaryimage\"},\"thumbnailUrl\":\"https:\\\/\\\/neuchatel-vins-terroir.ch\\\/wp-content\\\/uploads\\\/2025\\\/05\\\/145_CavesOuvertes2025.jpg\",\"articleSection\":[\"Veranstaltungen \\\/ Messen \\\/ Ausstellungen\"],\"inLanguage\":\"de\"},{\"@type\":\"WebPage\",\"@id\":\"https:\\\/\\\/neuchatel-vins-terroir.ch\\\/de\\\/teilen-sie-uns-ihre-eindruecke-von-den-offenen-neuenburger-kellern-2025-mit\\\/\",\"url\":\"https:\\\/\\\/neuchatel-vins-terroir.ch\\\/de\\\/teilen-sie-uns-ihre-eindruecke-von-den-offenen-neuenburger-kellern-2025-mit\\\/\",\"name\":\"Teilen Sie uns Ihre Eindr\u00fccke von den Offenen Neuenburger Kellern 2025 mit. - Neuch\u00e2tel vins et terroir\",\"isPartOf\":{\"@id\":\"https:\\\/\\\/neuchatel-vins-terroir.ch\\\/#website\"},\"primaryImageOfPage\":{\"@id\":\"https:\\\/\\\/neuchatel-vins-terroir.ch\\\/de\\\/teilen-sie-uns-ihre-eindruecke-von-den-offenen-neuenburger-kellern-2025-mit\\\/#primaryimage\"},\"image\":{\"@id\":\"https:\\\/\\\/neuchatel-vins-terroir.ch\\\/de\\\/teilen-sie-uns-ihre-eindruecke-von-den-offenen-neuenburger-kellern-2025-mit\\\/#primaryimage\"},\"thumbnailUrl\":\"https:\\\/\\\/neuchatel-vins-terroir.ch\\\/wp-content\\\/uploads\\\/2025\\\/05\\\/145_CavesOuvertes2025.jpg\",\"datePublished\":\"2025-05-13T14:03:37+00:00\",\"dateModified\":\"2025-05-13T14:03:43+00:00\",\"breadcrumb\":{\"@id\":\"https:\\\/\\\/neuchatel-vins-terroir.ch\\\/de\\\/teilen-sie-uns-ihre-eindruecke-von-den-offenen-neuenburger-kellern-2025-mit\\\/#breadcrumb\"},\"inLanguage\":\"de\",\"potentialAction\":[{\"@type\":\"ReadAction\",\"target\":[\"https:\\\/\\\/neuchatel-vins-terroir.ch\\\/de\\\/teilen-sie-uns-ihre-eindruecke-von-den-offenen-neuenburger-kellern-2025-mit\\\/\"]}]},{\"@type\":\"ImageObject\",\"inLanguage\":\"de\",\"@id\":\"https:\\\/\\\/neuchatel-vins-terroir.ch\\\/de\\\/teilen-sie-uns-ihre-eindruecke-von-den-offenen-neuenburger-kellern-2025-mit\\\/#primaryimage\",\"url\":\"https:\\\/\\\/neuchatel-vins-terroir.ch\\\/wp-content\\\/uploads\\\/2025\\\/05\\\/145_CavesOuvertes2025.jpg\",\"contentUrl\":\"https:\\\/\\\/neuchatel-vins-terroir.ch\\\/wp-content\\\/uploads\\\/2025\\\/05\\\/145_CavesOuvertes2025.jpg\",\"width\":1600,\"height\":1067,\"caption\":\"vos impressions caves ouvertes 2025\"},{\"@type\":\"BreadcrumbList\",\"@id\":\"https:\\\/\\\/neuchatel-vins-terroir.ch\\\/de\\\/teilen-sie-uns-ihre-eindruecke-von-den-offenen-neuenburger-kellern-2025-mit\\\/#breadcrumb\",\"itemListElement\":[{\"@type\":\"ListItem\",\"position\":1,\"name\":\"Accueil\",\"item\":\"https:\\\/\\\/neuchatel-vins-terroir.ch\\\/de\\\/home\\\/\"},{\"@type\":\"ListItem\",\"position\":2,\"name\":\"Teilen Sie uns Ihre Eindr\u00fccke von den Offenen Neuenburger Kellern 2025 mit.\"}]},{\"@type\":\"WebSite\",\"@id\":\"https:\\\/\\\/neuchatel-vins-terroir.ch\\\/#website\",\"url\":\"https:\\\/\\\/neuchatel-vins-terroir.ch\\\/\",\"name\":\"Neuch\u00e2tel vins et terroir\",\"description\":\"Neuch\u00e2tel vins et terroir\",\"publisher\":{\"@id\":\"https:\\\/\\\/neuchatel-vins-terroir.ch\\\/#organization\"},\"potentialAction\":[{\"@type\":\"SearchAction\",\"target\":{\"@type\":\"EntryPoint\",\"urlTemplate\":\"https:\\\/\\\/neuchatel-vins-terroir.ch\\\/?s={search_term_string}\"},\"query-input\":{\"@type\":\"PropertyValueSpecification\",\"valueRequired\":true,\"valueName\":\"search_term_string\"}}],\"inLanguage\":\"de\"},{\"@type\":\"Organization\",\"@id\":\"https:\\\/\\\/neuchatel-vins-terroir.ch\\\/#organization\",\"name\":\"Neuch\u00e2tel vins et terroir\",\"url\":\"https:\\\/\\\/neuchatel-vins-terroir.ch\\\/\",\"logo\":{\"@type\":\"ImageObject\",\"inLanguage\":\"de\",\"@id\":\"https:\\\/\\\/neuchatel-vins-terroir.ch\\\/#\\\/schema\\\/logo\\\/image\\\/\",\"url\":\"https:\\\/\\\/neuchatel-vins-terroir.ch\\\/wp-content\\\/uploads\\\/2021\\\/11\\\/logo_nvt.svg\",\"contentUrl\":\"https:\\\/\\\/neuchatel-vins-terroir.ch\\\/wp-content\\\/uploads\\\/2021\\\/11\\\/logo_nvt.svg\",\"width\":156,\"height\":82,\"caption\":\"Neuch\u00e2tel vins et terroir\"},\"image\":{\"@id\":\"https:\\\/\\\/neuchatel-vins-terroir.ch\\\/#\\\/schema\\\/logo\\\/image\\\/\"}},{\"@type\":\"Person\",\"@id\":\"https:\\\/\\\/neuchatel-vins-terroir.ch\\\/#\\\/schema\\\/person\\\/5120d608dedd8c0db7e63e796a5d19fc\",\"name\":\"Neuchatel Vins et Terroir NVT\",\"image\":{\"@type\":\"ImageObject\",\"inLanguage\":\"de\",\"@id\":\"https:\\\/\\\/secure.gravatar.com\\\/avatar\\\/4b0e32d0c06277613a70db9cde071562418a7afc2743a7cdf44fa999d7b82e29?s=96&d=mm&r=g\",\"url\":\"https:\\\/\\\/secure.gravatar.com\\\/avatar\\\/4b0e32d0c06277613a70db9cde071562418a7afc2743a7cdf44fa999d7b82e29?s=96&d=mm&r=g\",\"contentUrl\":\"https:\\\/\\\/secure.gravatar.com\\\/avatar\\\/4b0e32d0c06277613a70db9cde071562418a7afc2743a7cdf44fa999d7b82e29?s=96&d=mm&r=g\",\"caption\":\"Neuchatel Vins et Terroir NVT\"},\"url\":\"https:\\\/\\\/neuchatel-vins-terroir.ch\\\/de\\\/author\\\/nvt\\\/\"}]}<\/script>\n<!-- \/ Yoast SEO plugin. -->","yoast_head_json":{"title":"Teilen Sie uns Ihre Eindr\u00fccke von den Offenen Neuenburger Kellern 2025 mit. - Neuch\u00e2tel vins et terroir","robots":{"index":"index","follow":"follow","max-snippet":"max-snippet:-1","max-image-preview":"max-image-preview:large","max-video-preview":"max-video-preview:-1"},"canonical":"https:\/\/neuchatel-vins-terroir.ch\/de\/teilen-sie-uns-ihre-eindruecke-von-den-offenen-neuenburger-kellern-2025-mit\/","og_locale":"de_DE","og_type":"article","og_title":"Teilen Sie uns Ihre Eindr\u00fccke von den Offenen Neuenburger Kellern 2025 mit. - Neuch\u00e2tel vins et terroir","og_description":"Sie haben an den Offenen Weinkellern 2025 teilgenommen und wir w\u00fcrden gerne Ihre Eindr\u00fccke h\u00f6ren, um Ihre Erfahrungen bei den [&hellip;]","og_url":"https:\/\/neuchatel-vins-terroir.ch\/de\/teilen-sie-uns-ihre-eindruecke-von-den-offenen-neuenburger-kellern-2025-mit\/","og_site_name":"Neuch\u00e2tel vins et terroir","article_published_time":"2025-05-13T14:03:37+00:00","article_modified_time":"2025-05-13T14:03:43+00:00","og_image":[{"width":1600,"height":1067,"url":"https:\/\/neuchatel-vins-terroir.ch\/wp-content\/uploads\/2025\/05\/145_CavesOuvertes2025.jpg","type":"image\/jpeg"}],"author":"Neuchatel Vins et Terroir NVT","twitter_card":"summary_large_image","twitter_misc":{"Verfasst von":"Neuchatel Vins et Terroir NVT"},"schema":{"@context":"https:\/\/schema.org","@graph":[{"@type":"Article","@id":"https:\/\/neuchatel-vins-terroir.ch\/de\/teilen-sie-uns-ihre-eindruecke-von-den-offenen-neuenburger-kellern-2025-mit\/#article","isPartOf":{"@id":"https:\/\/neuchatel-vins-terroir.ch\/de\/teilen-sie-uns-ihre-eindruecke-von-den-offenen-neuenburger-kellern-2025-mit\/"},"author":{"name":"Neuchatel Vins et Terroir NVT","@id":"https:\/\/neuchatel-vins-terroir.ch\/#\/schema\/person\/5120d608dedd8c0db7e63e796a5d19fc"},"headline":"Teilen Sie uns Ihre Eindr\u00fccke von den Offenen Neuenburger Kellern 2025 mit.","datePublished":"2025-05-13T14:03:37+00:00","dateModified":"2025-05-13T14:03:43+00:00","mainEntityOfPage":{"@id":"https:\/\/neuchatel-vins-terroir.ch\/de\/teilen-sie-uns-ihre-eindruecke-von-den-offenen-neuenburger-kellern-2025-mit\/"},"wordCount":51,"publisher":{"@id":"https:\/\/neuchatel-vins-terroir.ch\/#organization"},"image":{"@id":"https:\/\/neuchatel-vins-terroir.ch\/de\/teilen-sie-uns-ihre-eindruecke-von-den-offenen-neuenburger-kellern-2025-mit\/#primaryimage"},"thumbnailUrl":"https:\/\/neuchatel-vins-terroir.ch\/wp-content\/uploads\/2025\/05\/145_CavesOuvertes2025.jpg","articleSection":["Veranstaltungen \/ Messen \/ Ausstellungen"],"inLanguage":"de"},{"@type":"WebPage","@id":"https:\/\/neuchatel-vins-terroir.ch\/de\/teilen-sie-uns-ihre-eindruecke-von-den-offenen-neuenburger-kellern-2025-mit\/","url":"https:\/\/neuchatel-vins-terroir.ch\/de\/teilen-sie-uns-ihre-eindruecke-von-den-offenen-neuenburger-kellern-2025-mit\/","name":"Teilen Sie uns Ihre Eindr\u00fccke von den Offenen Neuenburger Kellern 2025 mit. - Neuch\u00e2tel vins et terroir","isPartOf":{"@id":"https:\/\/neuchatel-vins-terroir.ch\/#website"},"primaryImageOfPage":{"@id":"https:\/\/neuchatel-vins-terroir.ch\/de\/teilen-sie-uns-ihre-eindruecke-von-den-offenen-neuenburger-kellern-2025-mit\/#primaryimage"},"image":{"@id":"https:\/\/neuchatel-vins-terroir.ch\/de\/teilen-sie-uns-ihre-eindruecke-von-den-offenen-neuenburger-kellern-2025-mit\/#primaryimage"},"thumbnailUrl":"https:\/\/neuchatel-vins-terroir.ch\/wp-content\/uploads\/2025\/05\/145_CavesOuvertes2025.jpg","datePublished":"2025-05-13T14:03:37+00:00","dateModified":"2025-05-13T14:03:43+00:00","breadcrumb":{"@id":"https:\/\/neuchatel-vins-terroir.ch\/de\/teilen-sie-uns-ihre-eindruecke-von-den-offenen-neuenburger-kellern-2025-mit\/#breadcrumb"},"inLanguage":"de","potentialAction":[{"@type":"ReadAction","target":["https:\/\/neuchatel-vins-terroir.ch\/de\/teilen-sie-uns-ihre-eindruecke-von-den-offenen-neuenburger-kellern-2025-mit\/"]}]},{"@type":"ImageObject","inLanguage":"de","@id":"https:\/\/neuchatel-vins-terroir.ch\/de\/teilen-sie-uns-ihre-eindruecke-von-den-offenen-neuenburger-kellern-2025-mit\/#primaryimage","url":"https:\/\/neuchatel-vins-terroir.ch\/wp-content\/uploads\/2025\/05\/145_CavesOuvertes2025.jpg","contentUrl":"https:\/\/neuchatel-vins-terroir.ch\/wp-content\/uploads\/2025\/05\/145_CavesOuvertes2025.jpg","width":1600,"height":1067,"caption":"vos impressions caves ouvertes 2025"},{"@type":"BreadcrumbList","@id":"https:\/\/neuchatel-vins-terroir.ch\/de\/teilen-sie-uns-ihre-eindruecke-von-den-offenen-neuenburger-kellern-2025-mit\/#breadcrumb","itemListElement":[{"@type":"ListItem","position":1,"name":"Accueil","item":"https:\/\/neuchatel-vins-terroir.ch\/de\/home\/"},{"@type":"ListItem","position":2,"name":"Teilen Sie uns Ihre Eindr\u00fccke von den Offenen Neuenburger Kellern 2025 mit."}]},{"@type":"WebSite","@id":"https:\/\/neuchatel-vins-terroir.ch\/#website","url":"https:\/\/neuchatel-vins-terroir.ch\/","name":"Neuch\u00e2tel vins et terroir","description":"Neuch\u00e2tel vins et terroir","publisher":{"@id":"https:\/\/neuchatel-vins-terroir.ch\/#organization"},"potentialAction":[{"@type":"SearchAction","target":{"@type":"EntryPoint","urlTemplate":"https:\/\/neuchatel-vins-terroir.ch\/?s={search_term_string}"},"query-input":{"@type":"PropertyValueSpecification","valueRequired":true,"valueName":"search_term_string"}}],"inLanguage":"de"},{"@type":"Organization","@id":"https:\/\/neuchatel-vins-terroir.ch\/#organization","name":"Neuch\u00e2tel vins et terroir","url":"https:\/\/neuchatel-vins-terroir.ch\/","logo":{"@type":"ImageObject","inLanguage":"de","@id":"https:\/\/neuchatel-vins-terroir.ch\/#\/schema\/logo\/image\/","url":"https:\/\/neuchatel-vins-terroir.ch\/wp-content\/uploads\/2021\/11\/logo_nvt.svg","contentUrl":"https:\/\/neuchatel-vins-terroir.ch\/wp-content\/uploads\/2021\/11\/logo_nvt.svg","width":156,"height":82,"caption":"Neuch\u00e2tel vins et terroir"},"image":{"@id":"https:\/\/neuchatel-vins-terroir.ch\/#\/schema\/logo\/image\/"}},{"@type":"Person","@id":"https:\/\/neuchatel-vins-terroir.ch\/#\/schema\/person\/5120d608dedd8c0db7e63e796a5d19fc","name":"Neuchatel Vins et Terroir NVT","image":{"@type":"ImageObject","inLanguage":"de","@id":"https:\/\/secure.gravatar.com\/avatar\/4b0e32d0c06277613a70db9cde071562418a7afc2743a7cdf44fa999d7b82e29?s=96&d=mm&r=g","url":"https:\/\/secure.gravatar.com\/avatar\/4b0e32d0c06277613a70db9cde071562418a7afc2743a7cdf44fa999d7b82e29?s=96&d=mm&r=g","contentUrl":"https:\/\/secure.gravatar.com\/avatar\/4b0e32d0c06277613a70db9cde071562418a7afc2743a7cdf44fa999d7b82e29?s=96&d=mm&r=g","caption":"Neuchatel Vins et Terroir NVT"},"url":"https:\/\/neuchatel-vins-terroir.ch\/de\/author\/nvt\/"}]}},"taxonomy_info":{"category":[{"value":502,"label":"Veranstaltungen \/ Messen \/ Ausstellungen"}]},"featured_image_src_large":["https:\/\/neuchatel-vins-terroir.ch\/wp-content\/uploads\/2025\/05\/145_CavesOuvertes2025-1024x683.jpg",1024,683,true],"author_info":{"display_name":"Neuchatel Vins et Terroir NVT","author_link":"https:\/\/neuchatel-vins-terroir.ch\/de\/author\/nvt\/"},"comment_info":0,"category_info":[{"term_id":502,"name":"Veranstaltungen \/ Messen \/ Ausstellungen","slug":"veranstaltungen-messen-ausstellungen","term_group":0,"term_taxonomy_id":502,"taxonomy":"category","description":"","parent":0,"count":7,"filter":"raw","cat_ID":502,"category_count":7,"category_description":"","cat_name":"Veranstaltungen \/ Messen \/ Ausstellungen","category_nicename":"veranstaltungen-messen-ausstellungen","category_parent":0}],"tag_info":false,"publishpress_future_workflow_manual_trigger":{"enabledWorkflows":[]},"_links":{"self":[{"href":"https:\/\/neuchatel-vins-terroir.ch\/de\/wp-json\/wp\/v2\/posts\/42245","targetHints":{"allow":["GET"]}}],"collection":[{"href":"https:\/\/neuchatel-vins-terroir.ch\/de\/wp-json\/wp\/v2\/posts"}],"about":[{"href":"https:\/\/neuchatel-vins-terroir.ch\/de\/wp-json\/wp\/v2\/types\/post"}],"author":[{"embeddable":true,"href":"https:\/\/neuchatel-vins-terroir.ch\/de\/wp-json\/wp\/v2\/users\/25"}],"replies":[{"embeddable":true,"href":"https:\/\/neuchatel-vins-terroir.ch\/de\/wp-json\/wp\/v2\/comments?post=42245"}],"version-history":[{"count":1,"href":"https:\/\/neuchatel-vins-terroir.ch\/de\/wp-json\/wp\/v2\/posts\/42245\/revisions"}],"predecessor-version":[{"id":42246,"href":"https:\/\/neuchatel-vins-terroir.ch\/de\/wp-json\/wp\/v2\/posts\/42245\/revisions\/42246"}],"wp:featuredmedia":[{"embeddable":true,"href":"https:\/\/neuchatel-vins-terroir.ch\/de\/wp-json\/wp\/v2\/media\/42217"}],"wp:attachment":[{"href":"https:\/\/neuchatel-vins-terroir.ch\/de\/wp-json\/wp\/v2\/media?parent=42245"}],"wp:term":[{"taxonomy":"category","embeddable":true,"href":"https:\/\/neuchatel-vins-terroir.ch\/de\/wp-json\/wp\/v2\/categories?post=42245"},{"taxonomy":"post_tag","embeddable":true,"href":"https:\/\/neuchatel-vins-terroir.ch\/de\/wp-json\/wp\/v2\/tags?post=42245"}],"curies":[{"name":"wp","href":"https:\/\/api.w.org\/{rel}","templated":true}]}}