{"id":37592,"date":"2023-07-17T13:18:00","date_gmt":"2023-07-17T13:18:00","guid":{"rendered":"https:\/\/neuchatel-vins-terroir.ch\/the-winegrowers-village-at-the-fete-des-vendanges\/"},"modified":"2024-03-13T13:21:52","modified_gmt":"2024-03-13T13:21:52","slug":"the-winegrowers-village-at-the-fete-des-vendanges","status":"publish","type":"post","link":"https:\/\/neuchatel-vins-terroir.ch\/en\/the-winegrowers-village-at-the-fete-des-vendanges\/","title":{"rendered":"The Winegrowers&#8217; Village at the F\u00eate des Vendanges"},"content":{"rendered":"\n<p>For the second year running, La F\u00eate des Vendanges puts tradition and local produce back at the heart of the festival. Winegrowers, producers and partners are all part of the winegrowers&#8217; village. This village is made up of 20 chalets representing the terroir of Neuch\u00e2tel, as well as guests from the terroir of French-speaking Switzerland. Most of the products on offer carry the regio.garantie romandie label. <\/p>\n\n\n\n<div style=\"height:80px\" aria-hidden=\"true\" class=\"wp-block-spacer\"><\/div>\n\n\n\n<div class=\"wp-block-columns has-lighter-background-color has-background is-layout-flex wp-container-core-columns-is-layout-28f84493 wp-block-columns-is-layout-flex\">\n<div class=\"wp-block-column is-layout-flow wp-block-column-is-layout-flow\">\n<h2 class=\"wp-block-heading\" id=\"lounge\">Terroir Lounge <\/h2>\n\n\n\n<h3 class=\"wp-block-heading\">\n          <strong>Book your space in the terroir lounge for a moment of conviviality.<\/strong>\n        <\/h3>\n\n\n\n<p>\n          <strong>Book your table for 2 hours in the lounge area! <\/strong>\n        <\/p>\n\n\n\n<p>We have 2 offers for you:<\/p>\n\n\n\n<p class=\"has-text-align-center\"><strong>Raclette deal &#8211; CHF 290.00 <\/strong><em>(for 8 people)<\/em><\/p>\n\n\n\n<ul class=\"wp-block-list\">\n<li>8 wristbands<\/li>\n\n\n\n<li>8 raclette meals<\/li>\n\n\n\n<li>2 bottles of wine (Chasselas and\/or Pinot Noir) from Domaine Divernois<\/li>\n\n\n\n<li>8 glass deposits<\/li>\n<\/ul>\n\n\n\n<p class=\"has-text-align-center\"><strong>Fish deal &#8211; CHF 390.- <\/strong><em>(pour 8 pers.)<\/em><\/p>\n\n\n\n<ul class=\"wp-block-list\">\n<li>8 wristbands<\/li>\n\n\n\n<li>8 Fish &amp; Chips meals<\/li>\n\n\n\n<li>1 bottle of wine (Chasselas and\/or Pinot Noir) from Nicolet Vins and 1 bottle of Vouga Vins<\/li>\n\n\n\n<li>8 glass deposits<\/li>\n<\/ul>\n\n\n\n<div class=\"wp-block-buttons is-content-justification-center is-layout-flex wp-container-core-buttons-is-layout-a89b3969 wp-block-buttons-is-layout-flex\">\n<div class=\"wp-block-button\"><a class=\"wp-block-button__link wp-element-button\" href=\"https:\/\/discover.smeetz.com\/product\/b2b\/lounge-du-terroir?referrer=google.ads&amp;\u200cutm_medium=smeetzReferralLink&amp;productId=63375\" target=\"_blank\" rel=\"noreferrer noopener\">I am booking!<\/a><\/div>\n<\/div>\n<\/div>\n<\/div>\n\n\n\n<div style=\"height:26px\" aria-hidden=\"true\" class=\"wp-block-spacer\"><\/div>\n\n\n\n<div class=\"wp-block-columns has-background is-layout-flex wp-container-core-columns-is-layout-28f84493 wp-block-columns-is-layout-flex\" style=\"background-color:#c9c9c900\">\n<div class=\"wp-block-column is-layout-flow wp-block-column-is-layout-flow\" style=\"flex-basis:66.66%\">\n<figure class=\"wp-block-image aligncenter size-large is-resized\"><img loading=\"lazy\" decoding=\"async\" width=\"1024\" height=\"1024\" src=\"https:\/\/neuchatel-vins-terroir.ch\/wp-content\/uploads\/2023\/07\/Lieu2-1-1024x1024.png\" alt=\"\" class=\"wp-image-34711\" style=\"width:615px;height:615px\" srcset=\"https:\/\/neuchatel-vins-terroir.ch\/wp-content\/uploads\/2023\/07\/Lieu2-1-1024x1024.png 1024w, https:\/\/neuchatel-vins-terroir.ch\/wp-content\/uploads\/2023\/07\/Lieu2-1-300x300.png 300w, https:\/\/neuchatel-vins-terroir.ch\/wp-content\/uploads\/2023\/07\/Lieu2-1-150x150.png 150w, https:\/\/neuchatel-vins-terroir.ch\/wp-content\/uploads\/2023\/07\/Lieu2-1-768x768.png 768w, https:\/\/neuchatel-vins-terroir.ch\/wp-content\/uploads\/2023\/07\/Lieu2-1-600x600.png 600w, https:\/\/neuchatel-vins-terroir.ch\/wp-content\/uploads\/2023\/07\/Lieu2-1-100x100.png 100w, https:\/\/neuchatel-vins-terroir.ch\/wp-content\/uploads\/2023\/07\/Lieu2-1.png 1080w\" sizes=\"auto, (max-width: 1024px) 100vw, 1024px\" \/><\/figure>\n<\/div>\n\n\n\n<div class=\"wp-block-column is-layout-flow wp-block-column-is-layout-flow\" style=\"flex-basis:33.33%\">\n<h2 class=\"wp-block-heading\">Timetables<\/h2>\n\n\n\n<figure class=\"wp-block-table is-style-stripes\"><table><tbody><tr><td>Friday, September 22<\/td><td>4.30pm &#8211; 12am<\/td><\/tr><tr><td>Saturday, September 23rd<\/td><td>11am &#8211; 12am<\/td><\/tr><tr><td>Sunday, September 24th<\/td><td>11am &#8211; 9pm<\/td><\/tr><\/tbody><\/table><\/figure>\n<\/div>\n<\/div>\n\n\n\n<div class=\"wp-block-columns has-light-skin-background-color has-background is-layout-flex wp-container-core-columns-is-layout-28f84493 wp-block-columns-is-layout-flex\">\n<div class=\"wp-block-column is-layout-flow wp-block-column-is-layout-flow\">\n<h2 class=\"wp-block-heading\">Village exhibitors and their menu!<\/h2>\n\n\n\n<ul class=\"wp-block-list\">\n<li><strong><strong>Wines<\/strong><\/strong> <strong>Dimitri Engel &amp; Cantine Dardel <\/strong>: Wines &amp; Hamburger hunting<\/li>\n\n\n\n<li><strong>Escargot Rouge &#8211; Guest Swiss Wine Vaud<\/strong>: Wines<\/li>\n\n\n\n<li><strong>Vins Gerber et Le Silex<\/strong> : Wines &amp; cheese platter<\/li>\n\n\n\n<li><strong>Caves de la B\u00e9roche<\/strong> <strong>and epiQure<\/strong> : Wines &amp; Beers<\/li>\n\n\n\n<li><strong>Domaine Christalain and GSM<\/strong> : Wine, grape juice, mineral water, coffee-tea and Neuch\u00e2tel platter<\/li>\n\n\n\n<li><strong>Domaine Saint-S\u00e9baste<\/strong> <strong>and FC Saint-Blaise<\/strong> : Wines<\/li>\n\n\n\n<li><strong>Sion Wine<\/strong> <strong>&#8211; Guests<\/strong> <strong>Swiss Wine Valais<\/strong>: Valais wines and sandwiches <\/li>\n\n\n\n<li><strong>Brasserie de la Meute<\/strong> : Beers, whisky, draught mate from our production, Gin and Whisky from Neuch\u00e2tel<\/li>\n\n\n\n<li><strong>Domaine de la Grillette &amp; Domaine Grisoni<\/strong> : Wines<\/li>\n\n\n\n<li><strong>Caves des Lauriers Jungo and Fellman &amp; Go\u00fbts et R\u00e9gion<\/strong> : Wine, mineral water, coffee-tea and brandy &amp; Fondue<\/li>\n\n\n\n<li><strong>Vins Nicolet &amp; Vouga <\/strong>: Wines<\/li>\n\n\n\n<li><strong>Poissonnerie Berger<\/strong> : Maison de Fish &amp; Chips<\/li>\n\n\n\n<li><strong>Maison de la Tourbi\u00e8re <\/strong>: Raclette<\/li>\n\n\n\n<li><strong>Domaine Divernois <\/strong>: Wines and grape juice<\/li>\n\n\n\n<li><strong>Absinthe la Valote Martin <\/strong>: Absinthes and Absinthe sparkling wines<\/li>\n\n\n\n<li><strong>Cave de Gen\u00e8ve &#8211; Invit\u00e9 Swiss Wine Gen\u00e8ve <\/strong>: Wines<\/li>\n\n\n\n<li><strong>Boucherie du Palais &#8211; Invit\u00e9 regio.garantie Gen\u00e8ve<\/strong> : Apple juice &amp; p\u00e2t\u00e9, ham croissant, platter from Geneva (sausage, dried meat&#8230;)<\/li>\n\n\n\n<li><strong>Caves de la Ville de Neuch\u00e2tel : <\/strong>Wines<\/li>\n\n\n\n<li><strong>Brasserie B&#8217;art<\/strong>: Neuch\u00e2tel beers, home-made cold tea &amp; Neuch\u00e2tel sausage burger and Veggie Burger<\/li>\n\n\n\n<li><strong>L&#8217;Auberge d&#8217;Hauterive &amp; le Domaine Brunner<\/strong> : Wine &amp; p\u00e2t\u00e9 de chasse, mushroom risotto and dessert<\/li>\n<\/ul>\n<\/div>\n<\/div>\n\n\n\n<h2 class=\"wp-block-heading\">Many thanks to our sponsors! <\/h2>\n\n\n\n<div class=\"wp-block-columns is-layout-flex wp-container-core-columns-is-layout-28f84493 wp-block-columns-is-layout-flex\">\n<div class=\"wp-block-column is-layout-flow wp-block-column-is-layout-flow\">\n<figure class=\"wp-block-image aligncenter size-full is-resized\"><a href=\"https:\/\/www.agrisano.ch\/fr\/\"><img loading=\"lazy\" decoding=\"async\" width=\"358\" height=\"141\" src=\"https:\/\/neuchatel-vins-terroir.ch\/wp-content\/uploads\/2023\/09\/Agrisano.png\" alt=\"\" class=\"wp-image-35155\" style=\"width:262px;height:103px\" srcset=\"https:\/\/neuchatel-vins-terroir.ch\/wp-content\/uploads\/2023\/09\/Agrisano.png 358w, https:\/\/neuchatel-vins-terroir.ch\/wp-content\/uploads\/2023\/09\/Agrisano-300x118.png 300w\" sizes=\"auto, (max-width: 358px) 100vw, 358px\" \/><\/a><\/figure>\n<\/div>\n\n\n\n<div class=\"wp-block-column is-layout-flow wp-block-column-is-layout-flow\">\n<figure class=\"wp-block-image size-large\"><a href=\"http:\/\/www.landiregionneuchatel.ch\/\"><img loading=\"lazy\" decoding=\"async\" width=\"1024\" height=\"988\" src=\"https:\/\/neuchatel-vins-terroir.ch\/wp-content\/uploads\/2023\/09\/Landi-Region-NE-1-1024x988.png\" alt=\"\" class=\"wp-image-35162\" srcset=\"https:\/\/neuchatel-vins-terroir.ch\/wp-content\/uploads\/2023\/09\/Landi-Region-NE-1-1024x988.png 1024w, https:\/\/neuchatel-vins-terroir.ch\/wp-content\/uploads\/2023\/09\/Landi-Region-NE-1-300x290.png 300w, https:\/\/neuchatel-vins-terroir.ch\/wp-content\/uploads\/2023\/09\/Landi-Region-NE-1-768x741.png 768w, https:\/\/neuchatel-vins-terroir.ch\/wp-content\/uploads\/2023\/09\/Landi-Region-NE-1-1536x1483.png 1536w, https:\/\/neuchatel-vins-terroir.ch\/wp-content\/uploads\/2023\/09\/Landi-Region-NE-1-600x579.png 600w, https:\/\/neuchatel-vins-terroir.ch\/wp-content\/uploads\/2023\/09\/Landi-Region-NE-1.png 1844w\" sizes=\"auto, (max-width: 1024px) 100vw, 1024px\" \/><\/a><\/figure>\n<\/div>\n\n\n\n<div class=\"wp-block-column is-layout-flow wp-block-column-is-layout-flow\">\n<figure class=\"wp-block-image size-full\"><a href=\"https:\/\/www.tcs.ch\/fr\/\"><img loading=\"lazy\" decoding=\"async\" width=\"280\" height=\"280\" src=\"https:\/\/neuchatel-vins-terroir.ch\/wp-content\/uploads\/2023\/09\/Logo_tcs_3D.jpg\" alt=\"\" class=\"wp-image-35167\" srcset=\"https:\/\/neuchatel-vins-terroir.ch\/wp-content\/uploads\/2023\/09\/Logo_tcs_3D.jpg 280w, https:\/\/neuchatel-vins-terroir.ch\/wp-content\/uploads\/2023\/09\/Logo_tcs_3D-150x150.jpg 150w, https:\/\/neuchatel-vins-terroir.ch\/wp-content\/uploads\/2023\/09\/Logo_tcs_3D-100x100.jpg 100w\" sizes=\"auto, (max-width: 280px) 100vw, 280px\" \/><\/a><\/figure>\n<\/div>\n<\/div>\n\n\n\n<div class=\"wp-block-columns is-layout-flex wp-container-core-columns-is-layout-28f84493 wp-block-columns-is-layout-flex\">\n<div class=\"wp-block-column is-layout-flow wp-block-column-is-layout-flow\">\n<figure class=\"wp-block-image aligncenter size-large is-resized\"><a href=\"https:\/\/www.neuchatelville.ch\/\"><img loading=\"lazy\" decoding=\"async\" width=\"1024\" height=\"594\" src=\"https:\/\/neuchatel-vins-terroir.ch\/wp-content\/uploads\/2023\/09\/logo_vertical_coul-1024x594.png\" alt=\"\" class=\"wp-image-35173\" style=\"width:262px;height:103px\" srcset=\"https:\/\/neuchatel-vins-terroir.ch\/wp-content\/uploads\/2023\/09\/logo_vertical_coul-1024x594.png 1024w, https:\/\/neuchatel-vins-terroir.ch\/wp-content\/uploads\/2023\/09\/logo_vertical_coul-300x174.png 300w, https:\/\/neuchatel-vins-terroir.ch\/wp-content\/uploads\/2023\/09\/logo_vertical_coul-768x446.png 768w, https:\/\/neuchatel-vins-terroir.ch\/wp-content\/uploads\/2023\/09\/logo_vertical_coul-600x348.png 600w, https:\/\/neuchatel-vins-terroir.ch\/wp-content\/uploads\/2023\/09\/logo_vertical_coul.png 1258w\" sizes=\"auto, (max-width: 1024px) 100vw, 1024px\" \/><\/a><\/figure>\n<\/div>\n\n\n\n<div class=\"wp-block-column is-layout-flow wp-block-column-is-layout-flow\"><\/div>\n\n\n\n<div class=\"wp-block-column is-layout-flow wp-block-column-is-layout-flow\">\n<figure class=\"wp-block-image size-full\"><a href=\"https:\/\/www.fer-ne.ch\/fer-ne\/associations\/aabpc\/\"><img loading=\"lazy\" decoding=\"async\" width=\"400\" height=\"159\" src=\"https:\/\/neuchatel-vins-terroir.ch\/wp-content\/uploads\/2023\/09\/Assoc.-Boulangers-NE.png\" alt=\"\" class=\"wp-image-35329\" srcset=\"https:\/\/neuchatel-vins-terroir.ch\/wp-content\/uploads\/2023\/09\/Assoc.-Boulangers-NE.png 400w, https:\/\/neuchatel-vins-terroir.ch\/wp-content\/uploads\/2023\/09\/Assoc.-Boulangers-NE-300x119.png 300w\" sizes=\"auto, (max-width: 400px) 100vw, 400px\" \/><\/a><\/figure>\n<\/div>\n<\/div>\n","protected":false},"excerpt":{"rendered":"<p>For the second year running, La F\u00eate des Vendanges puts tradition and local produce back at the heart of the [&hellip;]<\/p>\n","protected":false},"author":25,"featured_media":0,"comment_status":"closed","ping_status":"closed","sticky":false,"template":"","format":"standard","meta":{"_acf_changed":false,"_kad_blocks_custom_css":"","_kad_blocks_head_custom_js":"","_kad_blocks_body_custom_js":"","_kad_blocks_footer_custom_js":"","footnotes":""},"categories":[627],"tags":[],"class_list":["post-37592","post","type-post","status-publish","format-standard","hentry","category-events-shows-fairs"],"acf":[],"yoast_head":"<!-- This site is optimized with the Yoast SEO plugin v27.5 - https:\/\/yoast.com\/product\/yoast-seo-wordpress\/ -->\n<title>The Winegrowers&#039; Village at the F\u00eate des Vendanges - Neuch\u00e2tel vins et terroir<\/title>\n<meta name=\"robots\" content=\"index, follow, max-snippet:-1, max-image-preview:large, max-video-preview:-1\" \/>\n<link rel=\"canonical\" href=\"https:\/\/neuchatel-vins-terroir.ch\/en\/the-winegrowers-village-at-the-fete-des-vendanges\/\" \/>\n<meta property=\"og:locale\" content=\"en_US\" \/>\n<meta property=\"og:type\" content=\"article\" \/>\n<meta property=\"og:title\" content=\"The Winegrowers&#039; Village at the F\u00eate des Vendanges - Neuch\u00e2tel vins et terroir\" \/>\n<meta property=\"og:description\" content=\"For the second year running, La F\u00eate des Vendanges puts tradition and local produce back at the heart of the [&hellip;]\" \/>\n<meta property=\"og:url\" content=\"https:\/\/neuchatel-vins-terroir.ch\/en\/the-winegrowers-village-at-the-fete-des-vendanges\/\" \/>\n<meta property=\"og:site_name\" content=\"Neuch\u00e2tel vins et terroir\" \/>\n<meta property=\"article:published_time\" content=\"2023-07-17T13:18:00+00:00\" \/>\n<meta property=\"article:modified_time\" content=\"2024-03-13T13:21:52+00:00\" \/>\n<meta property=\"og:image\" content=\"https:\/\/neuchatel-vins-terroir.ch\/wp-content\/uploads\/2023\/07\/Lieu2-1-1024x1024.png\" \/>\n<meta name=\"author\" content=\"Neuchatel Vins et Terroir NVT\" \/>\n<meta name=\"twitter:card\" content=\"summary_large_image\" \/>\n<meta name=\"twitter:label1\" content=\"Written by\" \/>\n\t<meta name=\"twitter:data1\" content=\"Neuchatel Vins et Terroir NVT\" \/>\n\t<meta name=\"twitter:label2\" content=\"Est. reading time\" \/>\n\t<meta name=\"twitter:data2\" content=\"2 minutes\" \/>\n<script type=\"application\/ld+json\" class=\"yoast-schema-graph\">{\"@context\":\"https:\\\/\\\/schema.org\",\"@graph\":[{\"@type\":\"Article\",\"@id\":\"https:\\\/\\\/neuchatel-vins-terroir.ch\\\/en\\\/the-winegrowers-village-at-the-fete-des-vendanges\\\/#article\",\"isPartOf\":{\"@id\":\"https:\\\/\\\/neuchatel-vins-terroir.ch\\\/en\\\/the-winegrowers-village-at-the-fete-des-vendanges\\\/\"},\"author\":{\"name\":\"Neuchatel Vins et Terroir NVT\",\"@id\":\"https:\\\/\\\/neuchatel-vins-terroir.ch\\\/#\\\/schema\\\/person\\\/5120d608dedd8c0db7e63e796a5d19fc\"},\"headline\":\"The Winegrowers&#8217; Village at the F\u00eate des Vendanges\",\"datePublished\":\"2023-07-17T13:18:00+00:00\",\"dateModified\":\"2024-03-13T13:21:52+00:00\",\"mainEntityOfPage\":{\"@id\":\"https:\\\/\\\/neuchatel-vins-terroir.ch\\\/en\\\/the-winegrowers-village-at-the-fete-des-vendanges\\\/\"},\"wordCount\":411,\"publisher\":{\"@id\":\"https:\\\/\\\/neuchatel-vins-terroir.ch\\\/#organization\"},\"image\":{\"@id\":\"https:\\\/\\\/neuchatel-vins-terroir.ch\\\/en\\\/the-winegrowers-village-at-the-fete-des-vendanges\\\/#primaryimage\"},\"thumbnailUrl\":\"https:\\\/\\\/neuchatel-vins-terroir.ch\\\/wp-content\\\/uploads\\\/2023\\\/07\\\/Lieu2-1-1024x1024.png\",\"articleSection\":[\"Events \\\/ Shows \\\/ Fairs\"],\"inLanguage\":\"en-US\"},{\"@type\":\"WebPage\",\"@id\":\"https:\\\/\\\/neuchatel-vins-terroir.ch\\\/en\\\/the-winegrowers-village-at-the-fete-des-vendanges\\\/\",\"url\":\"https:\\\/\\\/neuchatel-vins-terroir.ch\\\/en\\\/the-winegrowers-village-at-the-fete-des-vendanges\\\/\",\"name\":\"The Winegrowers' Village at the F\u00eate des Vendanges - Neuch\u00e2tel vins et terroir\",\"isPartOf\":{\"@id\":\"https:\\\/\\\/neuchatel-vins-terroir.ch\\\/#website\"},\"primaryImageOfPage\":{\"@id\":\"https:\\\/\\\/neuchatel-vins-terroir.ch\\\/en\\\/the-winegrowers-village-at-the-fete-des-vendanges\\\/#primaryimage\"},\"image\":{\"@id\":\"https:\\\/\\\/neuchatel-vins-terroir.ch\\\/en\\\/the-winegrowers-village-at-the-fete-des-vendanges\\\/#primaryimage\"},\"thumbnailUrl\":\"https:\\\/\\\/neuchatel-vins-terroir.ch\\\/wp-content\\\/uploads\\\/2023\\\/07\\\/Lieu2-1-1024x1024.png\",\"datePublished\":\"2023-07-17T13:18:00+00:00\",\"dateModified\":\"2024-03-13T13:21:52+00:00\",\"breadcrumb\":{\"@id\":\"https:\\\/\\\/neuchatel-vins-terroir.ch\\\/en\\\/the-winegrowers-village-at-the-fete-des-vendanges\\\/#breadcrumb\"},\"inLanguage\":\"en-US\",\"potentialAction\":[{\"@type\":\"ReadAction\",\"target\":[\"https:\\\/\\\/neuchatel-vins-terroir.ch\\\/en\\\/the-winegrowers-village-at-the-fete-des-vendanges\\\/\"]}]},{\"@type\":\"ImageObject\",\"inLanguage\":\"en-US\",\"@id\":\"https:\\\/\\\/neuchatel-vins-terroir.ch\\\/en\\\/the-winegrowers-village-at-the-fete-des-vendanges\\\/#primaryimage\",\"url\":\"https:\\\/\\\/neuchatel-vins-terroir.ch\\\/wp-content\\\/uploads\\\/2023\\\/07\\\/Lieu2-1-1024x1024.png\",\"contentUrl\":\"https:\\\/\\\/neuchatel-vins-terroir.ch\\\/wp-content\\\/uploads\\\/2023\\\/07\\\/Lieu2-1-1024x1024.png\"},{\"@type\":\"BreadcrumbList\",\"@id\":\"https:\\\/\\\/neuchatel-vins-terroir.ch\\\/en\\\/the-winegrowers-village-at-the-fete-des-vendanges\\\/#breadcrumb\",\"itemListElement\":[{\"@type\":\"ListItem\",\"position\":1,\"name\":\"Accueil\",\"item\":\"https:\\\/\\\/neuchatel-vins-terroir.ch\\\/en\\\/home\\\/\"},{\"@type\":\"ListItem\",\"position\":2,\"name\":\"The Winegrowers&rsquo; Village at the F\u00eate des Vendanges\"}]},{\"@type\":\"WebSite\",\"@id\":\"https:\\\/\\\/neuchatel-vins-terroir.ch\\\/#website\",\"url\":\"https:\\\/\\\/neuchatel-vins-terroir.ch\\\/\",\"name\":\"Neuch\u00e2tel vins et terroir\",\"description\":\"Votre lien avec un terroir de caract\u00e8re\",\"publisher\":{\"@id\":\"https:\\\/\\\/neuchatel-vins-terroir.ch\\\/#organization\"},\"potentialAction\":[{\"@type\":\"SearchAction\",\"target\":{\"@type\":\"EntryPoint\",\"urlTemplate\":\"https:\\\/\\\/neuchatel-vins-terroir.ch\\\/?s={search_term_string}\"},\"query-input\":{\"@type\":\"PropertyValueSpecification\",\"valueRequired\":true,\"valueName\":\"search_term_string\"}}],\"inLanguage\":\"en-US\"},{\"@type\":\"Organization\",\"@id\":\"https:\\\/\\\/neuchatel-vins-terroir.ch\\\/#organization\",\"name\":\"Neuch\u00e2tel vins et terroir\",\"url\":\"https:\\\/\\\/neuchatel-vins-terroir.ch\\\/\",\"logo\":{\"@type\":\"ImageObject\",\"inLanguage\":\"en-US\",\"@id\":\"https:\\\/\\\/neuchatel-vins-terroir.ch\\\/#\\\/schema\\\/logo\\\/image\\\/\",\"url\":\"https:\\\/\\\/neuchatel-vins-terroir.ch\\\/wp-content\\\/uploads\\\/2021\\\/11\\\/logo_nvt.svg\",\"contentUrl\":\"https:\\\/\\\/neuchatel-vins-terroir.ch\\\/wp-content\\\/uploads\\\/2021\\\/11\\\/logo_nvt.svg\",\"width\":156,\"height\":82,\"caption\":\"Neuch\u00e2tel vins et terroir\"},\"image\":{\"@id\":\"https:\\\/\\\/neuchatel-vins-terroir.ch\\\/#\\\/schema\\\/logo\\\/image\\\/\"}},{\"@type\":\"Person\",\"@id\":\"https:\\\/\\\/neuchatel-vins-terroir.ch\\\/#\\\/schema\\\/person\\\/5120d608dedd8c0db7e63e796a5d19fc\",\"name\":\"Neuchatel Vins et Terroir NVT\",\"image\":{\"@type\":\"ImageObject\",\"inLanguage\":\"en-US\",\"@id\":\"https:\\\/\\\/secure.gravatar.com\\\/avatar\\\/4b0e32d0c06277613a70db9cde071562418a7afc2743a7cdf44fa999d7b82e29?s=96&d=mm&r=g\",\"url\":\"https:\\\/\\\/secure.gravatar.com\\\/avatar\\\/4b0e32d0c06277613a70db9cde071562418a7afc2743a7cdf44fa999d7b82e29?s=96&d=mm&r=g\",\"contentUrl\":\"https:\\\/\\\/secure.gravatar.com\\\/avatar\\\/4b0e32d0c06277613a70db9cde071562418a7afc2743a7cdf44fa999d7b82e29?s=96&d=mm&r=g\",\"caption\":\"Neuchatel Vins et Terroir NVT\"},\"url\":\"https:\\\/\\\/neuchatel-vins-terroir.ch\\\/en\\\/author\\\/nvt\\\/\"}]}<\/script>\n<!-- \/ Yoast SEO plugin. -->","yoast_head_json":{"title":"The Winegrowers' Village at the F\u00eate des Vendanges - Neuch\u00e2tel vins et terroir","robots":{"index":"index","follow":"follow","max-snippet":"max-snippet:-1","max-image-preview":"max-image-preview:large","max-video-preview":"max-video-preview:-1"},"canonical":"https:\/\/neuchatel-vins-terroir.ch\/en\/the-winegrowers-village-at-the-fete-des-vendanges\/","og_locale":"en_US","og_type":"article","og_title":"The Winegrowers' Village at the F\u00eate des Vendanges - Neuch\u00e2tel vins et terroir","og_description":"For the second year running, La F\u00eate des Vendanges puts tradition and local produce back at the heart of the [&hellip;]","og_url":"https:\/\/neuchatel-vins-terroir.ch\/en\/the-winegrowers-village-at-the-fete-des-vendanges\/","og_site_name":"Neuch\u00e2tel vins et terroir","article_published_time":"2023-07-17T13:18:00+00:00","article_modified_time":"2024-03-13T13:21:52+00:00","og_image":[{"url":"https:\/\/neuchatel-vins-terroir.ch\/wp-content\/uploads\/2023\/07\/Lieu2-1-1024x1024.png","type":"","width":"","height":""}],"author":"Neuchatel Vins et Terroir NVT","twitter_card":"summary_large_image","twitter_misc":{"Written by":"Neuchatel Vins et Terroir NVT","Est. reading time":"2 minutes"},"schema":{"@context":"https:\/\/schema.org","@graph":[{"@type":"Article","@id":"https:\/\/neuchatel-vins-terroir.ch\/en\/the-winegrowers-village-at-the-fete-des-vendanges\/#article","isPartOf":{"@id":"https:\/\/neuchatel-vins-terroir.ch\/en\/the-winegrowers-village-at-the-fete-des-vendanges\/"},"author":{"name":"Neuchatel Vins et Terroir NVT","@id":"https:\/\/neuchatel-vins-terroir.ch\/#\/schema\/person\/5120d608dedd8c0db7e63e796a5d19fc"},"headline":"The Winegrowers&#8217; Village at the F\u00eate des Vendanges","datePublished":"2023-07-17T13:18:00+00:00","dateModified":"2024-03-13T13:21:52+00:00","mainEntityOfPage":{"@id":"https:\/\/neuchatel-vins-terroir.ch\/en\/the-winegrowers-village-at-the-fete-des-vendanges\/"},"wordCount":411,"publisher":{"@id":"https:\/\/neuchatel-vins-terroir.ch\/#organization"},"image":{"@id":"https:\/\/neuchatel-vins-terroir.ch\/en\/the-winegrowers-village-at-the-fete-des-vendanges\/#primaryimage"},"thumbnailUrl":"https:\/\/neuchatel-vins-terroir.ch\/wp-content\/uploads\/2023\/07\/Lieu2-1-1024x1024.png","articleSection":["Events \/ Shows \/ Fairs"],"inLanguage":"en-US"},{"@type":"WebPage","@id":"https:\/\/neuchatel-vins-terroir.ch\/en\/the-winegrowers-village-at-the-fete-des-vendanges\/","url":"https:\/\/neuchatel-vins-terroir.ch\/en\/the-winegrowers-village-at-the-fete-des-vendanges\/","name":"The Winegrowers' Village at the F\u00eate des Vendanges - Neuch\u00e2tel vins et terroir","isPartOf":{"@id":"https:\/\/neuchatel-vins-terroir.ch\/#website"},"primaryImageOfPage":{"@id":"https:\/\/neuchatel-vins-terroir.ch\/en\/the-winegrowers-village-at-the-fete-des-vendanges\/#primaryimage"},"image":{"@id":"https:\/\/neuchatel-vins-terroir.ch\/en\/the-winegrowers-village-at-the-fete-des-vendanges\/#primaryimage"},"thumbnailUrl":"https:\/\/neuchatel-vins-terroir.ch\/wp-content\/uploads\/2023\/07\/Lieu2-1-1024x1024.png","datePublished":"2023-07-17T13:18:00+00:00","dateModified":"2024-03-13T13:21:52+00:00","breadcrumb":{"@id":"https:\/\/neuchatel-vins-terroir.ch\/en\/the-winegrowers-village-at-the-fete-des-vendanges\/#breadcrumb"},"inLanguage":"en-US","potentialAction":[{"@type":"ReadAction","target":["https:\/\/neuchatel-vins-terroir.ch\/en\/the-winegrowers-village-at-the-fete-des-vendanges\/"]}]},{"@type":"ImageObject","inLanguage":"en-US","@id":"https:\/\/neuchatel-vins-terroir.ch\/en\/the-winegrowers-village-at-the-fete-des-vendanges\/#primaryimage","url":"https:\/\/neuchatel-vins-terroir.ch\/wp-content\/uploads\/2023\/07\/Lieu2-1-1024x1024.png","contentUrl":"https:\/\/neuchatel-vins-terroir.ch\/wp-content\/uploads\/2023\/07\/Lieu2-1-1024x1024.png"},{"@type":"BreadcrumbList","@id":"https:\/\/neuchatel-vins-terroir.ch\/en\/the-winegrowers-village-at-the-fete-des-vendanges\/#breadcrumb","itemListElement":[{"@type":"ListItem","position":1,"name":"Accueil","item":"https:\/\/neuchatel-vins-terroir.ch\/en\/home\/"},{"@type":"ListItem","position":2,"name":"The Winegrowers&rsquo; Village at the F\u00eate des Vendanges"}]},{"@type":"WebSite","@id":"https:\/\/neuchatel-vins-terroir.ch\/#website","url":"https:\/\/neuchatel-vins-terroir.ch\/","name":"Neuch\u00e2tel vins et terroir","description":"Votre lien avec un terroir de caract\u00e8re","publisher":{"@id":"https:\/\/neuchatel-vins-terroir.ch\/#organization"},"potentialAction":[{"@type":"SearchAction","target":{"@type":"EntryPoint","urlTemplate":"https:\/\/neuchatel-vins-terroir.ch\/?s={search_term_string}"},"query-input":{"@type":"PropertyValueSpecification","valueRequired":true,"valueName":"search_term_string"}}],"inLanguage":"en-US"},{"@type":"Organization","@id":"https:\/\/neuchatel-vins-terroir.ch\/#organization","name":"Neuch\u00e2tel vins et terroir","url":"https:\/\/neuchatel-vins-terroir.ch\/","logo":{"@type":"ImageObject","inLanguage":"en-US","@id":"https:\/\/neuchatel-vins-terroir.ch\/#\/schema\/logo\/image\/","url":"https:\/\/neuchatel-vins-terroir.ch\/wp-content\/uploads\/2021\/11\/logo_nvt.svg","contentUrl":"https:\/\/neuchatel-vins-terroir.ch\/wp-content\/uploads\/2021\/11\/logo_nvt.svg","width":156,"height":82,"caption":"Neuch\u00e2tel vins et terroir"},"image":{"@id":"https:\/\/neuchatel-vins-terroir.ch\/#\/schema\/logo\/image\/"}},{"@type":"Person","@id":"https:\/\/neuchatel-vins-terroir.ch\/#\/schema\/person\/5120d608dedd8c0db7e63e796a5d19fc","name":"Neuchatel Vins et Terroir NVT","image":{"@type":"ImageObject","inLanguage":"en-US","@id":"https:\/\/secure.gravatar.com\/avatar\/4b0e32d0c06277613a70db9cde071562418a7afc2743a7cdf44fa999d7b82e29?s=96&d=mm&r=g","url":"https:\/\/secure.gravatar.com\/avatar\/4b0e32d0c06277613a70db9cde071562418a7afc2743a7cdf44fa999d7b82e29?s=96&d=mm&r=g","contentUrl":"https:\/\/secure.gravatar.com\/avatar\/4b0e32d0c06277613a70db9cde071562418a7afc2743a7cdf44fa999d7b82e29?s=96&d=mm&r=g","caption":"Neuchatel Vins et Terroir NVT"},"url":"https:\/\/neuchatel-vins-terroir.ch\/en\/author\/nvt\/"}]}},"taxonomy_info":{"category":[{"value":627,"label":"Events \/ Shows \/ Fairs"}]},"featured_image_src_large":false,"author_info":{"display_name":"Neuchatel Vins et Terroir NVT","author_link":"https:\/\/neuchatel-vins-terroir.ch\/en\/author\/nvt\/"},"comment_info":0,"category_info":[{"term_id":627,"name":"Events \/ Shows \/ Fairs","slug":"events-shows-fairs","term_group":0,"term_taxonomy_id":627,"taxonomy":"category","description":"","parent":0,"count":5,"filter":"raw","cat_ID":627,"category_count":5,"category_description":"","cat_name":"Events \/ Shows \/ Fairs","category_nicename":"events-shows-fairs","category_parent":0}],"tag_info":false,"publishpress_future_workflow_manual_trigger":{"enabledWorkflows":[]},"_links":{"self":[{"href":"https:\/\/neuchatel-vins-terroir.ch\/en\/wp-json\/wp\/v2\/posts\/37592","targetHints":{"allow":["GET"]}}],"collection":[{"href":"https:\/\/neuchatel-vins-terroir.ch\/en\/wp-json\/wp\/v2\/posts"}],"about":[{"href":"https:\/\/neuchatel-vins-terroir.ch\/en\/wp-json\/wp\/v2\/types\/post"}],"author":[{"embeddable":true,"href":"https:\/\/neuchatel-vins-terroir.ch\/en\/wp-json\/wp\/v2\/users\/25"}],"replies":[{"embeddable":true,"href":"https:\/\/neuchatel-vins-terroir.ch\/en\/wp-json\/wp\/v2\/comments?post=37592"}],"version-history":[{"count":3,"href":"https:\/\/neuchatel-vins-terroir.ch\/en\/wp-json\/wp\/v2\/posts\/37592\/revisions"}],"predecessor-version":[{"id":37597,"href":"https:\/\/neuchatel-vins-terroir.ch\/en\/wp-json\/wp\/v2\/posts\/37592\/revisions\/37597"}],"wp:attachment":[{"href":"https:\/\/neuchatel-vins-terroir.ch\/en\/wp-json\/wp\/v2\/media?parent=37592"}],"wp:term":[{"taxonomy":"category","embeddable":true,"href":"https:\/\/neuchatel-vins-terroir.ch\/en\/wp-json\/wp\/v2\/categories?post=37592"},{"taxonomy":"post_tag","embeddable":true,"href":"https:\/\/neuchatel-vins-terroir.ch\/en\/wp-json\/wp\/v2\/tags?post=37592"}],"curies":[{"name":"wp","href":"https:\/\/api.w.org\/{rel}","templated":true}]}}